{"id":86,"date":"2015-01-15T16:52:23","date_gmt":"2015-01-15T16:52:23","guid":{"rendered":"http:\/\/www.amalurcooperativaintegral.org\/lasemilla\/?p=86"},"modified":"2015-01-15T16:52:23","modified_gmt":"2015-01-15T16:52:23","slug":"un-paso-grande-para-llegar-a-john-coltrane","status":"publish","type":"post","link":"https:\/\/www.amalurcooperativaintegral.org\/lasemilla\/?p=86","title":{"rendered":"Un paso grande para llegar a John Coltrane"},"content":{"rendered":"<p>Por Pedro Losada Garc\u00eda<\/p>\n<div><a href=\"http:\/\/revistalasemila.blogspot.com.es\/2014\/08\/un-paso-grande-para-llegar-john-coltrane.html\" target=\"_blank\" name=\"149ec2fe738d3115__GoBack\"><\/a>Para m\u00ed, hablar de John Coltrane es hablar del maestro que me abri\u00f3, con su inconfundible sonido, Las puertas del Jazz. Hablar de John Coltrane es hablar de un m\u00fasico clave para aquella \u00e9poca, su estilo nunca se llegar\u00eda a encasillar, sino m\u00e1s bien, llego a visualizar desde su saxof\u00f3n o desde la flauta (esta en menor medida) el Blues, el Cool, Bebop, hasta llegar al Free Jazz.<\/div>\n<div><\/div>\n<div>Pero esto no lo hace especial si no ha sido \u201cGiant steps\u201d el \u00e1lbum que pasase por mis maltrechos o\u00eddos. Un \u00e1lbum que denota los m\u00e1s que entresijos de una \u00e9poca que crec\u00eda a una velocidad de v\u00e9rtigo dentro del mundo de la m\u00fasica, y as\u00ed, su saxof\u00f3n esculp\u00eda cada nota silbando melod\u00edas a marchas de v\u00e9rtigo. \u201cGiant Steps\u201d marcar\u00eda un cambio dentro de la carrera musical de John Coltrane. En el terreno personal, ya habr\u00eda dejado sus adiciones con la droga, se convertir\u00eda al islam.<\/div>\n<div><\/div>\n<div>En lo musical empieza a consolidar sus propios cuartetos, siendo el quinto \u00e1lbum que llega a grabar como l\u00edder, y el primer \u00e1lbum en el que se atreve como compositor, a la par es un inicio que marcar\u00eda el adi\u00f3s de su era con Miles Davis. Siendo este el a\u00f1o donde grabar\u00eda por \u00faltima vez con el trompetista dejando para la posterioridad el \u00e1lbum m\u00e1s grande del Jazz moderno, \u201cKind of blue\u201d. Paso que afirm\u00f3 con el contrato que realizo con la Atlantic, los cuales llegar\u00edan a grabar ocho discos en tres a\u00f1os. Una \u00e9poca donde ir\u00eda consolidando su cuarteto musical con m\u00fasicos tan imprescindibles como Paul Chambers, contrabajista que anteriormente ya habr\u00edan colaborado juntos, ya sea como d\u00fao, o para gente como Miles Davis; Tommy Flanagan, gran pianista que basar\u00eda su carrera en los locales de ensayo y grabaci\u00f3n, siendo una pieza muy importante para entender o comprender el rumbo musical de muchos grandes maestros del Jazz moderno.<\/div>\n","protected":false},"excerpt":{"rendered":"<p>Por Pedro Losada Garc\u00eda Para m\u00ed, hablar de John Coltrane es hablar del maestro que me abri\u00f3, con su inconfundible sonido, Las puertas del Jazz. Hablar de John Coltrane es hablar de un m\u00fasico clave para aquella \u00e9poca, su estilo nunca se llegar\u00eda a encasillar, sino m\u00e1s bien, llego a visualizar desde su saxof\u00f3n o [&#8230;]<\/p>\n","protected":false},"author":1,"featured_media":87,"comment_status":"open","ping_status":"open","sticky":false,"template":"","format":"standard","meta":{"footnotes":""},"categories":[3],"tags":[],"class_list":["post-86","post","type-post","status-publish","format-standard","has-post-thumbnail","hentry","category-la-semilla-musical"],"_links":{"self":[{"href":"https:\/\/www.amalurcooperativaintegral.org\/lasemilla\/index.php?rest_route=\/wp\/v2\/posts\/86","targetHints":{"allow":["GET"]}}],"collection":[{"href":"https:\/\/www.amalurcooperativaintegral.org\/lasemilla\/index.php?rest_route=\/wp\/v2\/posts"}],"about":[{"href":"https:\/\/www.amalurcooperativaintegral.org\/lasemilla\/index.php?rest_route=\/wp\/v2\/types\/post"}],"author":[{"embeddable":true,"href":"https:\/\/www.amalurcooperativaintegral.org\/lasemilla\/index.php?rest_route=\/wp\/v2\/users\/1"}],"replies":[{"embeddable":true,"href":"https:\/\/www.amalurcooperativaintegral.org\/lasemilla\/index.php?rest_route=%2Fwp%2Fv2%2Fcomments&post=86"}],"version-history":[{"count":1,"href":"https:\/\/www.amalurcooperativaintegral.org\/lasemilla\/index.php?rest_route=\/wp\/v2\/posts\/86\/revisions"}],"predecessor-version":[{"id":88,"href":"https:\/\/www.amalurcooperativaintegral.org\/lasemilla\/index.php?rest_route=\/wp\/v2\/posts\/86\/revisions\/88"}],"wp:featuredmedia":[{"embeddable":true,"href":"https:\/\/www.amalurcooperativaintegral.org\/lasemilla\/index.php?rest_route=\/wp\/v2\/media\/87"}],"wp:attachment":[{"href":"https:\/\/www.amalurcooperativaintegral.org\/lasemilla\/index.php?rest_route=%2Fwp%2Fv2%2Fmedia&parent=86"}],"wp:term":[{"taxonomy":"category","embeddable":true,"href":"https:\/\/www.amalurcooperativaintegral.org\/lasemilla\/index.php?rest_route=%2Fwp%2Fv2%2Fcategories&post=86"},{"taxonomy":"post_tag","embeddable":true,"href":"https:\/\/www.amalurcooperativaintegral.org\/lasemilla\/index.php?rest_route=%2Fwp%2Fv2%2Ftags&post=86"}],"curies":[{"name":"wp","href":"https:\/\/api.w.org\/{rel}","templated":true}]}}