{"id":78,"date":"2015-01-15T16:43:48","date_gmt":"2015-01-15T16:43:48","guid":{"rendered":"http:\/\/www.amalurcooperativaintegral.org\/lasemilla\/?p=78"},"modified":"2015-01-15T16:43:48","modified_gmt":"2015-01-15T16:43:48","slug":"quienes-somos","status":"publish","type":"post","link":"https:\/\/www.amalurcooperativaintegral.org\/lasemilla\/?p=78","title":{"rendered":"QUIENES SOMOS"},"content":{"rendered":"<p>Somos la revista de la Universidad de la Tierra Internacional (U.T.I., Universidad Abierta Internacional de Libre Aprendizaje, Ense\u00f1anza e Investigaci\u00f3n, U.A.I.L.A.E.I.) y de AMALUR Cooperativa Integral, \u00a0pertenecemos al movimiento de la Revoluci\u00f3n Integral surgido en Espa\u00f1a en 2010 y con actuaci\u00f3n local, nacional e internacional. Nos declaramos herederos de la lucha de los pueblos por su liberaci\u00f3n.<\/p>\n<div>\n<div><em>Desde sus or\u00edgenes en la lucha de Espartaco contra el imperio Romano, o de los primitivos cristianos de Judea, que derrotaron al imperio Romano en su tierra durante un tiempo, hasta nuestros d\u00edas con la lucha de los pueblos del mundo contra la globalizaci\u00f3n capitalista y el imperialismo genocida a lo largo y ancho de nuestro planeta, nuestra Madre Tierra.<\/em><\/div>\n<div>Luchamos y construimos d\u00eda a d\u00eda la sociedad biosf\u00e9rica de la reciprocidad, rescatando la sabiduria ancestral de los pueblos originarios de cada rinc\u00f3n del Planeta y la experiencia revolucionaria acumulada hasta la fecha por las clases explotadas y oprimidas a lo largo y ancho de nuestra hist\u00f3ria.<\/div>\n<div>Desde un punto de vista cient\u00edfico y cr\u00edtico analizamos, recopilamos informaci\u00f3n ver\u00eddica y desmontamos las mentiras oficiales difundidas por los medios de manipulaci\u00f3n (o incomunicaci\u00f3n) masiva. Estos medios est\u00e1n hoy controlados por intereses ajenos a los de nuestra especie, intereses de una minor\u00eda explotadora cada d\u00eda mas escu\u00e1lida pero tambi\u00e9n mas criminal.<\/div>\n<div>Desde la conciencia de clase que nos hace conscientes de nuestra historia reciente y las leyes que la rigen, desde hace 5.000 a\u00f1os con la aparici\u00f3n de las primeras ciudades estado, la explotaci\u00f3n y las primeras clases explotadoras y explotadas, el origen de la opresi\u00f3n contra la mayor\u00eda de la poblaci\u00f3n por minor\u00edas organizadas, hasta nuestros d\u00edas, analizamos la realidad actual a todos los niveles, local, nacional e internacional.<\/div>\n<div>Desde la conciencia de especie que nos permite tomar en cuenta toda nuestra verdadera historia , la historia de nuestra especie. Nuestra historia verdadera nos remonta, al menos, 300.000 a\u00f1os atr\u00e1s y esta conciencia\u00a0nos permite conocer lo que realmente somos frente a las mentiras y mitos de las clases explotadoras sobre nuestra esencia humana.<\/div>\n<div><\/div>\n<div>Os damos la bienvenida y os invitamos a participar activamente en este apasionante camino de descubrimiento consciente de nuestra especie y de transformaci\u00f3n social profunda, os invitamos a participar en\u00a0la ilusionante construcci\u00f3n de un nuevo mundo, no solo posible si no ya tan necesario como imprescindible, para lograr una vida plena, digna y feliz para todos los miembros de nuestra especie, incluidas esas minor\u00edas explotadoras que siguen hoy prisioneras de su propia ideolog\u00eda y de sus intereses de clase inmediatos, ajenos a los del conjunto de la humanidad, que les guste o no tambi\u00e9n les incluye a ellos.<\/div>\n<div>\u00a1\u00a1SALUD Y REVOLUCI\u00d3N INTEGRAL!!<\/div>\n<div>Revista La Semilla<\/div>\n<div>Artes, ciencias, humanizaci\u00f3n, ecolog\u00eda:<\/div>\n<div>evoluci\u00f3n humana basada en la necesidad de desarrollo y h\u00e1bitat de nuestros hijos e hijas.<\/div>\n<\/div>\n","protected":false},"excerpt":{"rendered":"<p>Somos la revista de la Universidad de la Tierra Internacional (U.T.I., Universidad Abierta Internacional de Libre Aprendizaje, Ense\u00f1anza e Investigaci\u00f3n, U.A.I.L.A.E.I.) y de AMALUR Cooperativa Integral, \u00a0pertenecemos al movimiento de la Revoluci\u00f3n Integral surgido en Espa\u00f1a en 2010 y con actuaci\u00f3n local, nacional e internacional. Nos declaramos herederos de la lucha de los pueblos por [&#8230;]<\/p>\n","protected":false},"author":1,"featured_media":79,"comment_status":"open","ping_status":"open","sticky":false,"template":"","format":"standard","meta":{"footnotes":""},"categories":[1],"tags":[],"class_list":["post-78","post","type-post","status-publish","format-standard","has-post-thumbnail","hentry","category-sin-categoria"],"_links":{"self":[{"href":"https:\/\/www.amalurcooperativaintegral.org\/lasemilla\/index.php?rest_route=\/wp\/v2\/posts\/78","targetHints":{"allow":["GET"]}}],"collection":[{"href":"https:\/\/www.amalurcooperativaintegral.org\/lasemilla\/index.php?rest_route=\/wp\/v2\/posts"}],"about":[{"href":"https:\/\/www.amalurcooperativaintegral.org\/lasemilla\/index.php?rest_route=\/wp\/v2\/types\/post"}],"author":[{"embeddable":true,"href":"https:\/\/www.amalurcooperativaintegral.org\/lasemilla\/index.php?rest_route=\/wp\/v2\/users\/1"}],"replies":[{"embeddable":true,"href":"https:\/\/www.amalurcooperativaintegral.org\/lasemilla\/index.php?rest_route=%2Fwp%2Fv2%2Fcomments&post=78"}],"version-history":[{"count":1,"href":"https:\/\/www.amalurcooperativaintegral.org\/lasemilla\/index.php?rest_route=\/wp\/v2\/posts\/78\/revisions"}],"predecessor-version":[{"id":80,"href":"https:\/\/www.amalurcooperativaintegral.org\/lasemilla\/index.php?rest_route=\/wp\/v2\/posts\/78\/revisions\/80"}],"wp:featuredmedia":[{"embeddable":true,"href":"https:\/\/www.amalurcooperativaintegral.org\/lasemilla\/index.php?rest_route=\/wp\/v2\/media\/79"}],"wp:attachment":[{"href":"https:\/\/www.amalurcooperativaintegral.org\/lasemilla\/index.php?rest_route=%2Fwp%2Fv2%2Fmedia&parent=78"}],"wp:term":[{"taxonomy":"category","embeddable":true,"href":"https:\/\/www.amalurcooperativaintegral.org\/lasemilla\/index.php?rest_route=%2Fwp%2Fv2%2Fcategories&post=78"},{"taxonomy":"post_tag","embeddable":true,"href":"https:\/\/www.amalurcooperativaintegral.org\/lasemilla\/index.php?rest_route=%2Fwp%2Fv2%2Ftags&post=78"}],"curies":[{"name":"wp","href":"https:\/\/api.w.org\/{rel}","templated":true}]}}