{"id":462,"date":"2016-05-06T11:19:30","date_gmt":"2016-05-06T11:19:30","guid":{"rendered":"http:\/\/www.amalurcooperativaintegral.org\/lasemilla\/?p=462"},"modified":"2016-05-06T11:19:30","modified_gmt":"2016-05-06T11:19:30","slug":"ttipleaks-destapamos-las-negociaciones-secretas","status":"publish","type":"post","link":"https:\/\/www.amalurcooperativaintegral.org\/lasemilla\/?p=462","title":{"rendered":"TTIPleaks: destapamos las negociaciones secretas"},"content":{"rendered":"<div>\n<p>Greenpeace arroj\u00f3 ayer luz sobre uno de los <b>asuntos m\u00e1s oscuros<\/b> y que podr\u00edan <b>afectar a las vidas de millones de ciudadanos: las negociaciones del Tratado Transatl\u00e1ntico de Comercio e Inversiones (TTIP)<\/b> entre Europa y Estados Unidos.<\/p>\n<p>Desde las instituciones europeas nos han tratado de convencer de que el TTIP iba a ser beneficioso para todos ya que mejorar\u00e1 el comercio entre Europa y Estados Unidos. Pero <b>con la filtraci\u00f3n de las negociaciones del TTIPleaks<\/b> se ha destapado lo que millones de ciudadanos europeos tem\u00edan y muchas organizaciones denunci\u00e1bamos: con este nuevo tratado se van a anteponer los beneficios empresariales a los intereses de la ciudadan\u00eda a costa de rebajar los est\u00e1ndares que protegen nuestra salud y nuestro medio ambiente. Lo mismo que con el CETA, un acuerdo similar con Canad\u00e1 que adem\u00e1s podr\u00eda aprobarse este a\u00f1o.<\/p>\n<p>Entre otros retrocesos, se consagran los beneficios econ\u00f3micos por encima de la salud y el medio ambiente; se <b>igualan a la baja los est\u00e1ndares con Estados Unidos<\/b>, lo que permitir\u00eda la introducci\u00f3n de <b>alimentos transg\u00e9nicos o carne hormonada<\/b>; se cede poder a las grandes corporaciones; se renuncia al \u201cprincipio de precauci\u00f3n\u201d y se pasa a un enfoque \u201cbasado en el riesgo\u201d que limita la capacidad de los estados de tomar medidas preventivas, por ejemplo, en relaci\u00f3n con la toxicidad de sustancias qu\u00edmicas como los disruptores endocrinos. Tampoco parece posible que se puedan cumplir los compromisos de reducci\u00f3n de CO2 de la Cumbre del Clima de Par\u00eds.<\/p>\n<p><img decoding=\"async\" class=\"CToWUd a6T\" tabindex=\"0\" src=\"https:\/\/ci6.googleusercontent.com\/proxy\/3V-FDYLjXEApal-jM6pWUNphtMHMAHmU5Ti8qZDPN-e01jMu9zdlRriGyMgFKAHDHM3CkHv1dELRgaOVltJhWc3QRUd4LyQMO7iGJ3E-lPHokBNpMx1jTTNvdXH7-Jses3Pcg3vyfzD_E7up7e0=s0-d-e1-ft#https:\/\/greenpeace.smugmug.com\/TTIP\/TTIPLeaks\/i-RhKmVSM\/0\/X2\/GP0STPSNY_PressMedia-X2.jpg\" alt=\"\" width=\"100%\" height=\"NaN\" \/><\/p>\n<p><b>Secretismo, privilegios y mentiras<\/b><\/p>\n<p>Mientras que la sociedad civil no ha tenido acceso a las negociaciones, los documentos muestran c\u00f3mo <b>a la industria s\u00ed se le ha consultado y ha tenido un papel privilegiado<\/b> en el proceso de toma de decisiones. En varios cap\u00edtulos, los documentos filtrados indican que la UE es altamente permeable a la influencia de los intereses de los poderes econ\u00f3micos e industriales.<\/p>\n<p><b>Las revelaciones sobre c\u00f3mo se negocia el TTIP muestran que nos han mentido. Nos ha mentido Cecilia Malmstr\u00f6m<\/b>, Comisaria de Comercio en la Comisi\u00f3n Europea, cuando afirmaba que este acuerdo no iba a suponer una rebaja de los est\u00e1ndares ambientales en la UE. Nos ha mentido Ignacio Garc\u00eda Bercero, el Jefe de la delegaci\u00f3n de la Uni\u00f3n Europea en las negociaciones del TTIP, cuando quer\u00eda tranquilizarnos con frases del tipo\u00a0 \u201cEn el TTIP no aceptaremos nada que perjudique a los ciudadanos europeos\u201d. Nos ha mentido el gobierno espa\u00f1ol y la CEOE cuando nos ha querido vender que este acuerdo es bueno para la ciudadan\u00eda.<\/p>\n<p>Ahora, a ra\u00edz de las revelaciones, el <b>secretario de Estado franc\u00e9s de Comercio Exterior ya ha dicho que las negociaciones deber\u00edan parar<\/b>. Tambi\u00e9n lo han dicho m\u00e1s de 3 millones de europeos que firmaron una petici\u00f3n para decir NO al TTIP. Este es el momento para acabar con el TTIP. Ay\u00fadanos a presionar a los partidos pol\u00edticos espa\u00f1oles que se posicionen en contra de estos tratados y lograr su paralizaci\u00f3n en Europa. Que sepan que no queremos el TTIP. <b>Si logramos suficiente presi\u00f3n, todav\u00eda podemos parar el TTIP.<\/b><\/p>\n<\/div>\n<p><a href=\"https:\/\/e-activist.com\/ea-action\/broadcast.record.message.click.do?ea.url.id=599398&amp;ea.campaigner.email=C5mM1PsxbGvCbI96RRcF68QaztlvuLM%2B&amp;ea.campaigner.id=gksCnze794KZkArzVWMSmA==&amp;ea_broadcast_target_id=0\" target=\"_blank\" data-saferedirecturl=\"https:\/\/www.google.com\/url?hl=es&amp;q=https:\/\/e-activist.com\/ea-action\/broadcast.record.message.click.do?ea.url.id%3D599398%26ea.campaigner.email%3DC5mM1PsxbGvCbI96RRcF68QaztlvuLM%252B%26ea.campaigner.id%3DgksCnze794KZkArzVWMSmA%3D%3D%26ea_broadcast_target_id%3D0&amp;source=gmail&amp;ust=1462619611423000&amp;usg=AFQjCNHpKpJw8UlU6wzHCF5YkOMurPnJgQ\"><img decoding=\"async\" class=\"CToWUd\" src=\"https:\/\/ci5.googleusercontent.com\/proxy\/8A0z6TDG06kLmVUS3tQ8Zp34duX6r0xQatPC7lqPWMT6Tmwog-gXGIq4AdxRvj2n4L2S5xadCOOmGc_qCOEh4sB9lytKWO54BNWUFvLR_dYfvaZYpr3KkAFwOUikpOi9lTovbUI=s0-d-e1-ft#http:\/\/apps.greenpeace.es\/fabricador-archivo\/newsletters\/images\/boton-firma.png\" alt=\"Act\u00faa!\" width=\"150\" \/><\/a><\/p>\n","protected":false},"excerpt":{"rendered":"<p>Greenpeace arroj\u00f3 ayer luz sobre uno de los asuntos m\u00e1s oscuros y que podr\u00edan afectar a las vidas de millones de ciudadanos: las negociaciones del Tratado Transatl\u00e1ntico de Comercio e Inversiones (TTIP) entre Europa y Estados Unidos. Desde las instituciones europeas nos han tratado de convencer de que el TTIP iba a ser beneficioso para [&#8230;]<\/p>\n","protected":false},"author":1,"featured_media":463,"comment_status":"open","ping_status":"open","sticky":false,"template":"","format":"standard","meta":{"footnotes":""},"categories":[6],"tags":[],"class_list":["post-462","post","type-post","status-publish","format-standard","has-post-thumbnail","hentry","category-la-voz-de-los-sin-voz"],"_links":{"self":[{"href":"https:\/\/www.amalurcooperativaintegral.org\/lasemilla\/index.php?rest_route=\/wp\/v2\/posts\/462","targetHints":{"allow":["GET"]}}],"collection":[{"href":"https:\/\/www.amalurcooperativaintegral.org\/lasemilla\/index.php?rest_route=\/wp\/v2\/posts"}],"about":[{"href":"https:\/\/www.amalurcooperativaintegral.org\/lasemilla\/index.php?rest_route=\/wp\/v2\/types\/post"}],"author":[{"embeddable":true,"href":"https:\/\/www.amalurcooperativaintegral.org\/lasemilla\/index.php?rest_route=\/wp\/v2\/users\/1"}],"replies":[{"embeddable":true,"href":"https:\/\/www.amalurcooperativaintegral.org\/lasemilla\/index.php?rest_route=%2Fwp%2Fv2%2Fcomments&post=462"}],"version-history":[{"count":1,"href":"https:\/\/www.amalurcooperativaintegral.org\/lasemilla\/index.php?rest_route=\/wp\/v2\/posts\/462\/revisions"}],"predecessor-version":[{"id":464,"href":"https:\/\/www.amalurcooperativaintegral.org\/lasemilla\/index.php?rest_route=\/wp\/v2\/posts\/462\/revisions\/464"}],"wp:featuredmedia":[{"embeddable":true,"href":"https:\/\/www.amalurcooperativaintegral.org\/lasemilla\/index.php?rest_route=\/wp\/v2\/media\/463"}],"wp:attachment":[{"href":"https:\/\/www.amalurcooperativaintegral.org\/lasemilla\/index.php?rest_route=%2Fwp%2Fv2%2Fmedia&parent=462"}],"wp:term":[{"taxonomy":"category","embeddable":true,"href":"https:\/\/www.amalurcooperativaintegral.org\/lasemilla\/index.php?rest_route=%2Fwp%2Fv2%2Fcategories&post=462"},{"taxonomy":"post_tag","embeddable":true,"href":"https:\/\/www.amalurcooperativaintegral.org\/lasemilla\/index.php?rest_route=%2Fwp%2Fv2%2Ftags&post=462"}],"curies":[{"name":"wp","href":"https:\/\/api.w.org\/{rel}","templated":true}]}}