{"id":392,"date":"2015-12-29T09:54:09","date_gmt":"2015-12-29T09:54:09","guid":{"rendered":"http:\/\/www.amalurcooperativaintegral.org\/lasemilla\/?p=392"},"modified":"2015-12-29T09:54:17","modified_gmt":"2015-12-29T09:54:17","slug":"navidad-solsticio-invierno-es-celebrar-el-triunfo-solar-de-la-luz-y-la-conciencia-estelar-alumbrando-la-vida","status":"publish","type":"post","link":"https:\/\/www.amalurcooperativaintegral.org\/lasemilla\/?p=392","title":{"rendered":"Navidad, solsticio invierno, es celebrar el triunfo solar de la luz y la conciencia estelar alumbrando la vida."},"content":{"rendered":"<div>La estrella Sol <img decoding=\"async\" class=\"CToWUd\" src=\"https:\/\/mail.google.com\/mail\/e\/1f31e\" alt=\"????\" data-goomoji=\"1f31e\" \/> (llamada Ra, Mithra, &#8230; Jesucristo y muchos nombres mas seg\u00fan la religi\u00f3n estudiada) la estrella Sirio y las tres estrellas de Ori\u00f3n (llamados los tres reyes magos), se alinean el 25 de diciembre. Este poderoso alineamiento energ\u00e9tico y estelar, constituye la celebraci\u00f3n esot\u00e9rica de la navidad, ya que constituye una potencial oportunidad para amplificar la consciencia hacia una Iniciaci\u00f3n o Iluminaci\u00f3n!! Asi la Virgen Maria y el portal de Belen (del trigo y el pan), constituye la energ\u00eda proveniente de la Constelaci\u00f3n de Virgo. Asi el Sol\/Cristo\/Dios renace tras tres dias, cuando los dias vuelven a ser mas largos que las noches, la luz triunfa sobre la oscuridad, metaf\u00f3ricamente, dios renace de la cruz. Asi 22, 23 y 24 diciembre (pausa en el movimiento aparente del Sol), el Sol\/luz\/dios, tiene los dias mas cortos del a\u00f1o, esta \u00abmuerto\u00bb. Y el 25 diciembre, el dia\/luz empieza a alargar y la noche\/oscuridad a acortar, ergo, dios\/sol ha renacido, tras estar tres dias crucificado en el cielo.<\/div>\n<div>Asi navidad, solsticio invierno, es celebrar el triunfo solar de la luz y la conciencia estelar alumbrando la vida.<\/div>\n<div>Ergo, feliz navidad a todos, que podais sintonizar con la poderosa Luz y conciencia de las estrellas, con su amor, generosidad, creatividad, gratitud y vida!!!<\/div>\n<div>Y asi<\/div>\n<div>\u2014la corona de espigas de cristo, es la representaci\u00f3n de los rayos solares,<\/div>\n<div>\u2014sanar a los ciegos, significa que con la luz del sol, ves, con la oscuridad de la noche no,<\/div>\n<div>\u00a0\u2014Caminar sobre las aguas, implica el reflejo del Sol sobre las aguas,<\/div>\n<div>\u2014Que Cristo recorria el mundo con 12 discipulos, significa que visto desde la Tierra, el Sol transita las 12 constelaciones (una por cada apostol).<\/div>\n<div>\u2014Que a los 12 a\u00f1os era maestro, significa que en 12 a\u00f1os, el Sol ha recorrido las 12 constelaciones zodiacales e integrado la inteligencia de dichas estrellas.<\/div>\n<div>\u2014Dios \u00abdice\u00bb, yo soy la Luz, el camino y la vida, porque son atributos solares.<\/div>\n<div>\u2014Los cristianos originales pintaban peces, para anunciar la llegada de la era de piscis por precisi\u00f3n de los equinocios (fen\u00f3meno astronomico de algo mas de 2000 a\u00f1os, que hoy dia anuncia la llegada de la conciencia de acuario).<\/div>\n<div>\u2014todas las religiones, codifican importantes fen\u00f3menos astron\u00f3micos, porque ocultan la muy espiritual sabiduria Astrol\u00f3gica. Es decir, que la conciencia y sus oportunidades evolutivas dependen de fenemenos astronomicos, de la relaci\u00f3n entre planetas y estrellas. Por ello los dioses nos dicen que estan en los cielos.<\/div>\n<div>\u00abFirmado Sirio Sim\u00f3, estudioso de esoterismo, astr\u00f3logo y coordinador del Centro Uranium\u00bb<\/div>\n<p>Que disfrutemos un maravilloso despertar de la luz <img decoding=\"async\" class=\"CToWUd\" src=\"https:\/\/mail.google.com\/mail\/e\/1f31e\" alt=\"????\" data-goomoji=\"1f31e\" \/><img decoding=\"async\" class=\"CToWUd\" src=\"https:\/\/mail.google.com\/mail\/e\/1f49e\" alt=\"????\" data-goomoji=\"1f49e\" \/><img decoding=\"async\" class=\"CToWUd\" src=\"https:\/\/mail.google.com\/mail\/e\/1f338\" alt=\"????\" data-goomoji=\"1f338\" \/> en nosotros, ahora que nuestro planeta Gaia, recibe el despertar de las estrellas.<\/p>\n","protected":false},"excerpt":{"rendered":"<p>La estrella Sol (llamada Ra, Mithra, &#8230; Jesucristo y muchos nombres mas seg\u00fan la religi\u00f3n estudiada) la estrella Sirio y las tres estrellas de Ori\u00f3n (llamados los tres reyes magos), se alinean el 25 de diciembre. Este poderoso alineamiento energ\u00e9tico y estelar, constituye la celebraci\u00f3n esot\u00e9rica de la navidad, ya que constituye una potencial oportunidad [&#8230;]<\/p>\n","protected":false},"author":1,"featured_media":393,"comment_status":"open","ping_status":"open","sticky":false,"template":"","format":"standard","meta":{"footnotes":""},"categories":[14],"tags":[],"class_list":["post-392","post","type-post","status-publish","format-standard","has-post-thumbnail","hentry","category-de-tinta-papel-y-corazon"],"_links":{"self":[{"href":"https:\/\/www.amalurcooperativaintegral.org\/lasemilla\/index.php?rest_route=\/wp\/v2\/posts\/392","targetHints":{"allow":["GET"]}}],"collection":[{"href":"https:\/\/www.amalurcooperativaintegral.org\/lasemilla\/index.php?rest_route=\/wp\/v2\/posts"}],"about":[{"href":"https:\/\/www.amalurcooperativaintegral.org\/lasemilla\/index.php?rest_route=\/wp\/v2\/types\/post"}],"author":[{"embeddable":true,"href":"https:\/\/www.amalurcooperativaintegral.org\/lasemilla\/index.php?rest_route=\/wp\/v2\/users\/1"}],"replies":[{"embeddable":true,"href":"https:\/\/www.amalurcooperativaintegral.org\/lasemilla\/index.php?rest_route=%2Fwp%2Fv2%2Fcomments&post=392"}],"version-history":[{"count":1,"href":"https:\/\/www.amalurcooperativaintegral.org\/lasemilla\/index.php?rest_route=\/wp\/v2\/posts\/392\/revisions"}],"predecessor-version":[{"id":394,"href":"https:\/\/www.amalurcooperativaintegral.org\/lasemilla\/index.php?rest_route=\/wp\/v2\/posts\/392\/revisions\/394"}],"wp:featuredmedia":[{"embeddable":true,"href":"https:\/\/www.amalurcooperativaintegral.org\/lasemilla\/index.php?rest_route=\/wp\/v2\/media\/393"}],"wp:attachment":[{"href":"https:\/\/www.amalurcooperativaintegral.org\/lasemilla\/index.php?rest_route=%2Fwp%2Fv2%2Fmedia&parent=392"}],"wp:term":[{"taxonomy":"category","embeddable":true,"href":"https:\/\/www.amalurcooperativaintegral.org\/lasemilla\/index.php?rest_route=%2Fwp%2Fv2%2Fcategories&post=392"},{"taxonomy":"post_tag","embeddable":true,"href":"https:\/\/www.amalurcooperativaintegral.org\/lasemilla\/index.php?rest_route=%2Fwp%2Fv2%2Ftags&post=392"}],"curies":[{"name":"wp","href":"https:\/\/api.w.org\/{rel}","templated":true}]}}