{"id":378,"date":"2015-12-10T18:50:07","date_gmt":"2015-12-10T18:50:07","guid":{"rendered":"http:\/\/www.amalurcooperativaintegral.org\/lasemilla\/?p=378"},"modified":"2015-12-10T18:59:26","modified_gmt":"2015-12-10T18:59:26","slug":"obama-busca-una-gran-guerra","status":"publish","type":"post","link":"https:\/\/www.amalurcooperativaintegral.org\/lasemilla\/?p=378","title":{"rendered":"OBAMA BUSCA UNA GRAN GUERRA"},"content":{"rendered":"<p>Diciembre de 2015<\/p>\n<p><em>Purificaci\u00f3n Gonz\u00e1lez de la Blanca<\/em><\/p>\n<p><strong>Ojos para la Paz<\/strong><\/p>\n<p>En las \u00faltimas semanas se va tensando la cuerda en una escala ascendente, por quienes quieren repetir en Siria la historia de Afganist\u00e1n, de Iraq, de Libia\u2026, apuntando ahora a\u00fan m\u00e1s alto: a Rusia. \u00a0Atentados en Par\u00eds; derribo de un avi\u00f3n de pasajeros ruso en el Sina\u00ed (detenidos sus presuntos autores, dos empleados de aeropuerto que al parecer trabajaron para la firma de seguridad norteamericana Academi, antes Blackwater); asesinato en Estados Unidos del Jefe de los servicios de investigaci\u00f3n de este atentado que hab\u00eda sido enviado por el Presidente Putin para coordinar las investigaciones; derribo de un caza ruso por Turqu\u00eda\u2026<\/p>\n<p>&nbsp;<\/p>\n<p>http:\/\/www.elotropais.com\/<strong>Hollande y Obama, \u00bfPreparando la nueva Guerra Mundial?<\/strong><\/p>\n<p>Los se\u00f1ores de la guerra, que representan los intereses de la red financiera global, \u00a0van a por Siria, cuya invasi\u00f3n ten\u00edan prevista desde unos d\u00edas despu\u00e9s del 11-S, en un listado que comenzaba por Iraq, Libia, Siria, L\u00edbano, Somalia, Sud\u00e1n e Ir\u00e1n, seg\u00fan declaraciones del ex-General y ex-Comandante Supremo de la OTAN, Wesley Clark.<\/p>\n<p>Aterrorizan y asesinan a sus propias gentes con atentados y\u00a0 amenazas de todo tipo y acuden a sus parlamentos para que respalden algo tan ileg\u00edtimo y tan fuera de sus competencias como la invasi\u00f3n de Siria. \u00a0Un acto injerencista contrario a las m\u00e1s elementales normas del Derecho Internacional y a los principios b\u00e1sicos que inspiraron la Carta de las Naciones Unidas.<\/p>\n<p>Cuando, \u00a0bajo las directrices de Israel, la CIA, el Mossad, el MI6 y los servicios secretos franceses, crearon ese engendro del Estado Isl\u00e1mico, al que ellos mismos denominaron \u201cavispero\u201d, pusieron en marcha el enemigo perfecto.<strong>\u00a0 <\/strong>Un enemigo que, con la cooperaci\u00f3n inestimable de Arabia Saud\u00ed, han ido extendiendo por los territorios se\u00f1alados por ellos como objetivo, que amenaza tambi\u00e9n a otros pa\u00edses, incluidos los europeos, y que les proporciona carta blanca a la hora de combatirlo\u00a0 en pa\u00edses en los que el ejercito de los Estados Unidos no habr\u00eda podido entrar de otra manera. La misma Hillary Clinton, en una entrevista concedida al medio digital The Atlantic, que circula en video,\u00a0 ha reconocido expl\u00edcitamente la autor\u00eda de los Estados Unidos.<\/p>\n<p>Una vez que el ej\u00e9rcito ruso comenz\u00f3 a operar en Siria, \u00a0dando cumplimiento al Tratado de Cooperaci\u00f3n para la Defensa que mantienen ambos pa\u00edses, qued\u00f3 al descubierto que la coalici\u00f3n liderada por Estados Unidos, que supuestamente llevaba a\u00f1o y medio combatiendo al Estado Isl\u00e1mico, ISIS o Daesh, no hab\u00eda hecho nada en su contra (s\u00ed mucho a su favor).\u00a0 Sorprendidos in fraganti quedaron sin escapatoria argumental ni pol\u00edtica posible. Rusia se les hab\u00eda colado de rond\u00f3n.<\/p>\n<p><strong>Era m\u00e1s que previsible un autoatentado<\/strong>. Si los autoatentados del 11-S sirvieron de cobertura al ataque a Iraq, los del 13-N en Par\u00eds no son m\u00e1s que un pretexto para el ataque a Siria, detr\u00e1s de cuyo horizonte se divisa n\u00edtidamente Rusia. <strong>Quieren una gran guerra, el devaluado d\u00f3lar la necesita, y Rusia es el enemigo, aunque la guerra pase por Siria. <\/strong><\/p>\n<p>Hollande declar\u00f3, tras los ataques de Par\u00eds, que Francia iba a entrar en guerra.\u00a0 Es dif\u00edcil que entre de donde nunca sali\u00f3: Indochina, Angola, Argelia, Afganist\u00e1n, Libia, Mali, Camer\u00fan, Chad, Rep\u00fablica Centroafricana, Burkina Faso, Gab\u00f3n, Senegal, Djbouti, Costa de Marfil, N\u00edger\u2026Francia siempre est\u00e1 en guerra. Y sigue so\u00f1ando con su imperio, que comprende Siria.<\/p>\n<p>Ataques, por cierto, \u00a0llenos de interrogantes \u00bfC\u00f3mo es posible que despu\u00e9s de haber padecido los atentados de Charlie Hebdo unos individuos se pasearan por media capital de Francia\u00a0 matando a diestro y siniestro sin que nadie los detuviera? \u00bfNo estaban desde entonces en alerta los servicios de seguridad? \u00bfC\u00f3mo es que tambi\u00e9n aqu\u00ed un terrorista va a cometer el crimen con el pasaporte encima, y adem\u00e1s se le olvida? Pasaporte sirio, c\u00f3mo no\u2026 pero falso. (A los planificadores les va faltando imaginaci\u00f3n) Tampoco queda nadie vivo para poder interrogarle. Sucedi\u00f3 con el argelino Mohamed Merah, con los hermanos <strong>Kuachi, con los Coulibaly<\/strong><strong>, <\/strong><strong>\u00a0<\/strong>\u00a0y ha vuelto a suceder de nuevo.<\/p>\n<p>Pero <strong>n<strong>inguno de los miembros de las c\u00e9lulas que sembraron el terror en Par\u00eds naci\u00f3 en Siria, ni es un refugiado.<\/strong><\/strong> Es m\u00e1s, todos ten\u00edan nacionalidad europea y solo uno de los ocho naci\u00f3 fuera del Viejo Continente: Mohamed Amri, belga, pero que vino al mundo en Marruecos.<\/p>\n<p>Y hay otras circunstancias al menos sorprendentes. El Ministro de Asuntos Exteriores, Laurent Fabius,\u00a0 ven\u00eda hablando elogiosamente del Frente Al-Nusra\/Al-Qaeda (esos que devoraron ante las c\u00e1maras el coraz\u00f3n de un soldado sirio). Parece que hubiera terroristas buenos y terroristas malos. El Primer Ministro Manuel Valls recibi\u00f3 el respaldo para su mandato del Congreso Jud\u00edo Mundial, entre cuyos miembros se encontraba el siniestro Bernard-Henri \u00a0L\u00e8vy. El Ministro del Interior, Bernard Cazeneuve estaba siendo investigado por el comisario de polic\u00eda Helric Fredou \u00a0por su trayectoria y presunta relaci\u00f3n con los atentados de Charlie Hebdo. Ese comisario fue encontrado muerto con un tiro en la cabeza. La versi\u00f3n oficial fue la del suicidio. Los servicios secretos rusos apuntan a que en la mochila de uno de los autores hab\u00eda una agenda con el n\u00famero de tel\u00e9fono del exdirector de la CIA y ex Jefe de Estado Mayor de los Estados Unidos, David Petraeus. Incluso algunos van m\u00e1s alto y apuntan al mismo Obama como inductor de la operaci\u00f3n. Y detr\u00e1s de todo ello el Presidente Hollande como un t\u00edtere. \u00bfNos enteraremos de la verdad?<\/p>\n<p>Como dijera Bashar al Assad: Sentimos los atentados de Par\u00eds pero en Siria esto es algo cotidiano. Y es que hay dos clases de muertos, aunque a nosotros nos duelan todos por igual, los de Libia, los de Turqu\u00eda, los de Siria, los de Iraq,\u2026 y los de Francia.<\/p>\n<p><strong>Todo parece indicar que estamos ante un nuevo 11- S, un ataque de falsa bandera\u00a0 orquestado para propiciar una guerra que hasta ahora carec\u00eda de respaldo de la opini\u00f3n p\u00fablica y \u00a0de la ONU.<\/strong><\/p>\n<p><a href=\"https:\/\/www.bing.com\/videos\/search?q=Wesley+Clark%2c+Iraq%2c+Libia%2c+Siria...&amp;FORM=VIRE1#view=detai\">https:\/\/www.bing.com\/videos\/search?q=Wesley+Clark%2c+Iraq%2c+Libia%2c+Siria&#8230;&amp;FORM=VIRE1#view=detai<\/a><\/p>\n<p><a href=\"http:\/\/www.alertadigital.com\/2014\/09\/07\/hillary-clinton-admite-que-el-estado-islamico-isis-es-nuestra-creacion\/\">http:\/\/www.alertadigital.com\/2014\/09\/07\/hillary-clinton-admite-que-el-estado-islamico-isis-es-nuestra-creacion\/<\/a><\/p>\n<p>http:\/\/vorticeinmediaista.blogspot.com.es\/2013\/05\/terrorista-sirio-saca-y-come-el-corazon.html<\/p>\n<blockquote class=\"wp-embedded-content\" data-secret=\"Tv6aj0XnEG\"><p><a href=\"https:\/\/espacioseuropeos.com\/2015\/01\/varias-paginas-de-internet-apuntan-a-que-el-comisario-suicidado-habia-descubierto-la-implicacion-de-la-cia-en-el-atentado-de-paris\/\">Varias p\u00e1ginas de Internet apuntan a que el comisario \u201csuicidado\u201d hab\u00eda descubierto la implicaci\u00f3n de la CIA en el atentado de Par\u00eds  \u00a0<\/a><\/p><\/blockquote>\n<p><iframe loading=\"lazy\" class=\"wp-embedded-content\" sandbox=\"allow-scripts\" security=\"restricted\" style=\"position: absolute; clip: rect(1px, 1px, 1px, 1px);\" title=\"\u00abVarias p\u00e1ginas de Internet apuntan a que el comisario \u201csuicidado\u201d hab\u00eda descubierto la implicaci\u00f3n de la CIA en el atentado de Par\u00eds  \u00a0\u00bb \u2014 Espacios Europeos, Diario digital - La otra cara de la Pol\u00edtica\" src=\"https:\/\/espacioseuropeos.com\/2015\/01\/varias-paginas-de-internet-apuntan-a-que-el-comisario-suicidado-habia-descubierto-la-implicacion-de-la-cia-en-el-atentado-de-paris\/embed\/#?secret=gI4GcywOt5#?secret=Tv6aj0XnEG\" data-secret=\"Tv6aj0XnEG\" width=\"500\" height=\"282\" frameborder=\"0\" marginwidth=\"0\" marginheight=\"0\" scrolling=\"no\"><\/iframe><\/p>\n","protected":false},"excerpt":{"rendered":"<p>Diciembre de 2015 Purificaci\u00f3n Gonz\u00e1lez de la Blanca Ojos para la Paz En las \u00faltimas semanas se va tensando la cuerda en una escala ascendente, por quienes quieren repetir en Siria la historia de Afganist\u00e1n, de Iraq, de Libia\u2026, apuntando ahora a\u00fan m\u00e1s alto: a Rusia. \u00a0Atentados en Par\u00eds; derribo de un avi\u00f3n de pasajeros [&#8230;]<\/p>\n","protected":false},"author":1,"featured_media":386,"comment_status":"open","ping_status":"open","sticky":false,"template":"","format":"standard","meta":{"footnotes":""},"categories":[15],"tags":[],"class_list":["post-378","post","type-post","status-publish","format-standard","has-post-thumbnail","hentry","category-horizonte-del-vi-sol"],"_links":{"self":[{"href":"https:\/\/www.amalurcooperativaintegral.org\/lasemilla\/index.php?rest_route=\/wp\/v2\/posts\/378","targetHints":{"allow":["GET"]}}],"collection":[{"href":"https:\/\/www.amalurcooperativaintegral.org\/lasemilla\/index.php?rest_route=\/wp\/v2\/posts"}],"about":[{"href":"https:\/\/www.amalurcooperativaintegral.org\/lasemilla\/index.php?rest_route=\/wp\/v2\/types\/post"}],"author":[{"embeddable":true,"href":"https:\/\/www.amalurcooperativaintegral.org\/lasemilla\/index.php?rest_route=\/wp\/v2\/users\/1"}],"replies":[{"embeddable":true,"href":"https:\/\/www.amalurcooperativaintegral.org\/lasemilla\/index.php?rest_route=%2Fwp%2Fv2%2Fcomments&post=378"}],"version-history":[{"count":3,"href":"https:\/\/www.amalurcooperativaintegral.org\/lasemilla\/index.php?rest_route=\/wp\/v2\/posts\/378\/revisions"}],"predecessor-version":[{"id":385,"href":"https:\/\/www.amalurcooperativaintegral.org\/lasemilla\/index.php?rest_route=\/wp\/v2\/posts\/378\/revisions\/385"}],"wp:featuredmedia":[{"embeddable":true,"href":"https:\/\/www.amalurcooperativaintegral.org\/lasemilla\/index.php?rest_route=\/wp\/v2\/media\/386"}],"wp:attachment":[{"href":"https:\/\/www.amalurcooperativaintegral.org\/lasemilla\/index.php?rest_route=%2Fwp%2Fv2%2Fmedia&parent=378"}],"wp:term":[{"taxonomy":"category","embeddable":true,"href":"https:\/\/www.amalurcooperativaintegral.org\/lasemilla\/index.php?rest_route=%2Fwp%2Fv2%2Fcategories&post=378"},{"taxonomy":"post_tag","embeddable":true,"href":"https:\/\/www.amalurcooperativaintegral.org\/lasemilla\/index.php?rest_route=%2Fwp%2Fv2%2Ftags&post=378"}],"curies":[{"name":"wp","href":"https:\/\/api.w.org\/{rel}","templated":true}]}}