{"id":342,"date":"2015-12-07T12:31:54","date_gmt":"2015-12-07T12:31:54","guid":{"rendered":"http:\/\/www.amalurcooperativaintegral.org\/lasemilla\/?p=342"},"modified":"2015-12-07T12:31:54","modified_gmt":"2015-12-07T12:31:54","slug":"macrobiotica-hay-que-comer-de-todo","status":"publish","type":"post","link":"https:\/\/www.amalurcooperativaintegral.org\/lasemilla\/?p=342","title":{"rendered":"MACROBI\u00d3TICA: \u00bfHAY QUE COMER DE TODO?"},"content":{"rendered":"<p>Por\u00a0Irene Garc\u00eda Cervera<\/p>\n<p>Pir\u00e1mide de Michio Kushi<\/p>\n<p>Cuando alguien me dice \u201chay que comer de todo\u201d siempre me quedo pensando que esa frase \u00a0puede llevar a confusi\u00f3n y pensar que aliment\u00e1ndonos con todo lo que nos ofrece el mercado estamos llevando un buen h\u00e1bito de vida.<\/p>\n<p>Antes de conocer la macrobi\u00f3tica mi estilo de vida dejaba bastante que desear. Ten\u00eda poca vitalidad, siempre estaba cansada, ten\u00eda mucho fr\u00edo y mi cara ten\u00eda siempre un aspecto enfermizo de color blanco. No me gustaba cocinar porque no le encontraba sentido, simplemente hac\u00eda algo r\u00e1pido y me lo com\u00eda. Entonces pensaba que los alimentos que nos com\u00edamos todos los d\u00edas nos pod\u00edan perjudicar debido a sus ingredientes. No entend\u00eda por qu\u00e9 en casi todas partes se permite vender comida con much\u00edsimos conservantes, colorantes y aditivos de dudosa fiabilidad, ya que muchos de ellos dec\u00edan que pod\u00edan ser nocivos para la salud. Adem\u00e1s tampoco entend\u00eda por qu\u00e9 esta sociedad nos educa para cuando estamos enfermos tomar medicaci\u00f3n y quitar el s\u00edntoma, en lugar de ir a la verdadera causa.<\/p>\n<p>Pero un d\u00eda cay\u00f3 en mis manos un libro de Georges Oshawa en el que dec\u00eda que tomando cereales integrales en grano, verduras y legumbres, entre otros, pod\u00edamos prevenir muchas enfermedades e incluso sanarlas. Entonces decid\u00ed investigar un poco m\u00e1s y encontr\u00e9 La Macrobi\u00f3tica y aqu\u00ed sigo desde entonces, hace m\u00e1s de 11 a\u00f1os.<\/p>\n<p>Macrobi\u00f3tica significa \u201cgran vida\u201d. Corresponde no solo a la dieta, sino a unos h\u00e1bitos de vida en armon\u00eda con el entorno que nos rodea. As\u00ed el ejercicio, el contacto con la naturaleza, una buena dieta y en general los h\u00e1bitos saludables es lo que promueve esta forma de vida.<\/p>\n<p>Esta filosof\u00eda, aunque se ha practicado toda la vida y en todas las culturas hasta hace pocos siglos en los que empieza a industrializarse todo, comienza a ser estudiada en Jap\u00f3n por Georges Oshawa.<\/p>\n<p>La Macrobi\u00f3tica se basa en los principios del <em>yin<\/em> y el <em>yang<\/em>, que aunque nos \u201csuene a chino\u201d (nunca mejor dicho) en realidad no es dif\u00edcil de entender si pensamos en <em>yin<\/em> como una fuerza que expande y enfr\u00eda y en <em>yang<\/em> como una fuerza que contrae y calienta. As\u00ed hay alimentos que expanden y enfr\u00edan y alimentos que contraen y calientan. En La Macrobi\u00f3tica no se consumen los alimentos con energ\u00eda<em> yin<\/em> y <em>yang<\/em> extrema porque nos pueden llevar a enfermar, sino los alimentos con una energ\u00eda<em> yin<\/em> y <em>yang<\/em> m\u00e1s equilibrada.<\/p>\n<p>Como alimentos de <em>yin<\/em> extremo est\u00e1n entre otros: az\u00facar, refinados, drogas, medicaci\u00f3n, alcohol, l\u00e1cteos animales y derivados (quesos suaves, yogur, mantequilla, nata, etc.), caf\u00e9 y otros estimulantes, etc.<\/p>\n<p>Como alimentos de <em>yang<\/em> extremo estar\u00edan: carnes y derivados, quesos curados, huevos, sal refinada, etc.<\/p>\n<p>Los alimentos que tienen una energ\u00eda m\u00e1s equilibrada (equilibrio <em>yin<\/em> y <em>yang<\/em>) y por tanto se consumen diariamente son: cereales integrales (arroz, mijo, cebada, quinoa, trigo sarraceno, ma\u00edz, pasta integral, harina integral, etc.) Adem\u00e1s tambi\u00e9n opta por el consumo de fruta y verdura siempre local y de la estaci\u00f3n y ecol\u00f3gica. Se consume mayor cantidad de prote\u00ednas vegetales que animales. Dentro de estas prote\u00ednas vegetales tenemos: legumbres y derivados, seit\u00e1n, semillas, frutos secos y algas. Se usan aceites de primera presi\u00f3n (oliva, s\u00e9samo, girasol, etc.) Como prote\u00edna animal se opta por el pescado. Se utilizan productos fermentados como: verduras fermentadas (chucrut, etc.), miso, salsa de soja (shoyu), melazas de cereales, \u00a0ciruela umeboshi, etc. Como endulzantes se utiliza: melaza de arroz, de cebada, de trigo, y de otros cereales.<\/p>\n<p>Al final mi respuesta a si hay que comer de todo es NO. Lo que debemos comer lo que la naturaleza nos ofrece. Alimentos sanos y naturales que no est\u00e1n procesados y que nos ofrecen adem\u00e1s de los nutrientes necesarios, la energ\u00eda adecuada. Muchos alimentos que nos ofrece el mercado est\u00e1n altamente procesados y envasados poseen grandes cantidades de qu\u00edmicos y otras sustancias no saludables, adem\u00e1s de no aportarnos la energ\u00eda necesaria para nuestro buen funcionamiento f\u00edsico, mental y emocional.<\/p>\n<p>&nbsp;<\/p>\n<p>Irene Garc\u00eda Cervera (Bi\u00f3loga, profesora y consultora Macrobi\u00f3tica)<\/p>\n","protected":false},"excerpt":{"rendered":"<p>Por\u00a0Irene Garc\u00eda Cervera Pir\u00e1mide de Michio Kushi Cuando alguien me dice \u201chay que comer de todo\u201d siempre me quedo pensando que esa frase \u00a0puede llevar a confusi\u00f3n y pensar que aliment\u00e1ndonos con todo lo que nos ofrece el mercado estamos llevando un buen h\u00e1bito de vida. Antes de conocer la macrobi\u00f3tica mi estilo de vida [&#8230;]<\/p>\n","protected":false},"author":1,"featured_media":345,"comment_status":"open","ping_status":"open","sticky":false,"template":"","format":"standard","meta":{"footnotes":""},"categories":[16],"tags":[26,27,28],"class_list":["post-342","post","type-post","status-publish","format-standard","has-post-thumbnail","hentry","category-salud-integral","tag-macrobiotica","tag-michio-kushi","tag-yin-yang"],"_links":{"self":[{"href":"https:\/\/www.amalurcooperativaintegral.org\/lasemilla\/index.php?rest_route=\/wp\/v2\/posts\/342","targetHints":{"allow":["GET"]}}],"collection":[{"href":"https:\/\/www.amalurcooperativaintegral.org\/lasemilla\/index.php?rest_route=\/wp\/v2\/posts"}],"about":[{"href":"https:\/\/www.amalurcooperativaintegral.org\/lasemilla\/index.php?rest_route=\/wp\/v2\/types\/post"}],"author":[{"embeddable":true,"href":"https:\/\/www.amalurcooperativaintegral.org\/lasemilla\/index.php?rest_route=\/wp\/v2\/users\/1"}],"replies":[{"embeddable":true,"href":"https:\/\/www.amalurcooperativaintegral.org\/lasemilla\/index.php?rest_route=%2Fwp%2Fv2%2Fcomments&post=342"}],"version-history":[{"count":1,"href":"https:\/\/www.amalurcooperativaintegral.org\/lasemilla\/index.php?rest_route=\/wp\/v2\/posts\/342\/revisions"}],"predecessor-version":[{"id":344,"href":"https:\/\/www.amalurcooperativaintegral.org\/lasemilla\/index.php?rest_route=\/wp\/v2\/posts\/342\/revisions\/344"}],"wp:featuredmedia":[{"embeddable":true,"href":"https:\/\/www.amalurcooperativaintegral.org\/lasemilla\/index.php?rest_route=\/wp\/v2\/media\/345"}],"wp:attachment":[{"href":"https:\/\/www.amalurcooperativaintegral.org\/lasemilla\/index.php?rest_route=%2Fwp%2Fv2%2Fmedia&parent=342"}],"wp:term":[{"taxonomy":"category","embeddable":true,"href":"https:\/\/www.amalurcooperativaintegral.org\/lasemilla\/index.php?rest_route=%2Fwp%2Fv2%2Fcategories&post=342"},{"taxonomy":"post_tag","embeddable":true,"href":"https:\/\/www.amalurcooperativaintegral.org\/lasemilla\/index.php?rest_route=%2Fwp%2Fv2%2Ftags&post=342"}],"curies":[{"name":"wp","href":"https:\/\/api.w.org\/{rel}","templated":true}]}}