{"id":310,"date":"2015-11-17T09:50:00","date_gmt":"2015-11-17T09:50:00","guid":{"rendered":"http:\/\/www.amalurcooperativaintegral.org\/lasemilla\/?p=310"},"modified":"2015-11-17T10:05:07","modified_gmt":"2015-11-17T10:05:07","slug":"el-terrorismo-siempre-es-fascismo","status":"publish","type":"post","link":"https:\/\/www.amalurcooperativaintegral.org\/lasemilla\/?p=310","title":{"rendered":"El terrorismo siempre es fascismo"},"content":{"rendered":"<p><em>Nuestra m\u00e1s en\u00e9rgica condena por los criminales atentados de Par\u00eds y nuestra m\u00e1s profunda solidaridad con el pueblo de Francia. No pasar\u00e1n.<\/em><\/p>\n<div class=\"introduccion\">Seis ataques terroristas casi simult\u00e1neos en Paris con tiroteos, bombas y una tr\u00e1gica toma de rehenes han segado la vida de 129 personas y producido mas de 300\u00a0heridos, muchos de ellos muy graves.<\/div>\n<div class=\"text\">\n<p>El terrorismo es fascismo, venga de donde venga y se disfrace de la justificaci\u00f3n que quiera, sea pol\u00edtica o religiosa. El terrorismo se basa en el principio de que \u00abel fin justifica los medios\u00bb, que el terror y la fuerza es un medio tan bueno como cualquier otro para imponer un proyecto pol\u00edtico. Y eso es precisamente el centro nodular ideol\u00f3gico del fascismo. El terrorismo y su obscena base de principios nunca es, ni ha sido, ni ser\u00e1, una herramienta en manos de los revolucionarios, de todos los que queremos un futuro para la humanidad libre de explotaci\u00f3n ni opresi\u00f3n.<\/p>\n<p>El terrorismo nunca es, ni ha sido, ni ser\u00e1 \u00abde los pueblos\u00bb. Los pueblos, incluso los pueblos en armas, no utilizan el terror ni la matanza indiscriminada de gente inocente para defender sus derechos, para defender sus intereses siempre es cosa del imperialismo, lo ejecute quien lo ejecute.<\/p>\n<p>El terrorismo siempre es \u00abde Estado\u00bb, en Francia, en Siria, en Afganist\u00e1n, en Irak, en Nigeria, o en Libia, por solo poner algunos ejemplos recientes, siempre sirve en \u00faltima instancia para hacer avanzar oscuros y subterr\u00e1neos intereses y proyectos de grandes portencias mundiales y de poderosas clases dominantes.<\/p>\n<\/div>\n","protected":false},"excerpt":{"rendered":"<p>Nuestra m\u00e1s en\u00e9rgica condena por los criminales atentados de Par\u00eds y nuestra m\u00e1s profunda solidaridad con el pueblo de Francia. No pasar\u00e1n. Seis ataques terroristas casi simult\u00e1neos en Paris con tiroteos, bombas y una tr\u00e1gica toma de rehenes han segado la vida de 129 personas y producido mas de 300\u00a0heridos, muchos de ellos muy graves. [&#8230;]<\/p>\n","protected":false},"author":1,"featured_media":311,"comment_status":"open","ping_status":"open","sticky":false,"template":"","format":"standard","meta":{"footnotes":""},"categories":[19],"tags":[],"class_list":["post-310","post","type-post","status-publish","format-standard","has-post-thumbnail","hentry","category-editorial"],"_links":{"self":[{"href":"https:\/\/www.amalurcooperativaintegral.org\/lasemilla\/index.php?rest_route=\/wp\/v2\/posts\/310","targetHints":{"allow":["GET"]}}],"collection":[{"href":"https:\/\/www.amalurcooperativaintegral.org\/lasemilla\/index.php?rest_route=\/wp\/v2\/posts"}],"about":[{"href":"https:\/\/www.amalurcooperativaintegral.org\/lasemilla\/index.php?rest_route=\/wp\/v2\/types\/post"}],"author":[{"embeddable":true,"href":"https:\/\/www.amalurcooperativaintegral.org\/lasemilla\/index.php?rest_route=\/wp\/v2\/users\/1"}],"replies":[{"embeddable":true,"href":"https:\/\/www.amalurcooperativaintegral.org\/lasemilla\/index.php?rest_route=%2Fwp%2Fv2%2Fcomments&post=310"}],"version-history":[{"count":4,"href":"https:\/\/www.amalurcooperativaintegral.org\/lasemilla\/index.php?rest_route=\/wp\/v2\/posts\/310\/revisions"}],"predecessor-version":[{"id":315,"href":"https:\/\/www.amalurcooperativaintegral.org\/lasemilla\/index.php?rest_route=\/wp\/v2\/posts\/310\/revisions\/315"}],"wp:featuredmedia":[{"embeddable":true,"href":"https:\/\/www.amalurcooperativaintegral.org\/lasemilla\/index.php?rest_route=\/wp\/v2\/media\/311"}],"wp:attachment":[{"href":"https:\/\/www.amalurcooperativaintegral.org\/lasemilla\/index.php?rest_route=%2Fwp%2Fv2%2Fmedia&parent=310"}],"wp:term":[{"taxonomy":"category","embeddable":true,"href":"https:\/\/www.amalurcooperativaintegral.org\/lasemilla\/index.php?rest_route=%2Fwp%2Fv2%2Fcategories&post=310"},{"taxonomy":"post_tag","embeddable":true,"href":"https:\/\/www.amalurcooperativaintegral.org\/lasemilla\/index.php?rest_route=%2Fwp%2Fv2%2Ftags&post=310"}],"curies":[{"name":"wp","href":"https:\/\/api.w.org\/{rel}","templated":true}]}}