{"id":296,"date":"2015-10-20T10:15:07","date_gmt":"2015-10-20T10:15:07","guid":{"rendered":"http:\/\/www.amalurcooperativaintegral.org\/lasemilla\/?p=296"},"modified":"2015-10-20T10:15:07","modified_gmt":"2015-10-20T10:15:07","slug":"eric-serra-45-anos-de-musica","status":"publish","type":"post","link":"https:\/\/www.amalurcooperativaintegral.org\/lasemilla\/?p=296","title":{"rendered":"\u00c9ric Serra 45 a\u00f1os de m\u00fasica"},"content":{"rendered":"<p>Por Pedro Losada<\/p>\n<p>\u00c9ric Serra tuvo un comienzo dentro de la m\u00fasica muy temprano, todo esto gracias a la vocaci\u00f3n que le dio su padre Claude, un prestigioso compositor franc\u00e9s, que ense\u00f1ar\u00eda a su hijo el mundo de la m\u00fasica desde una edad muy temprana. Su carrera musical empezar\u00eda en el 1970, pero no ser\u00eda hasta bien entrada la d\u00e9cada de los ochenta donde empezar\u00eda su carrera musical a florecer profesionalmente. Por un lado ser\u00eda contratado por el cantante de Pop Jacques Higelin, para tocar el bajo en su banda (este hecho le dar\u00eda pie a escribir y grabar un \u00e1lbum de Rock en 1988) y, por otro, su faceta m\u00e1s reconocida dentro del mundo de la m\u00fasica. Esto ocurrir\u00eda cuando llega a conocer al director Luc Besson con el que pactar\u00eda para grabar su primera banda sonora para un film. Este ser\u00eda \u201cLa \u00faltima batalla (Le Dernier Combat)\u201d, un relato franc\u00e9s post-apocal\u00edptico que narra una historia de supervivencia, la cual ser\u00eda expuesta en blanco y negro con la intervenci\u00f3n del actor Jean Reno. La idea de hacer el film vino despu\u00e9s de que este proyecto viniese de un cortometraje, el cual obtuvo una buena acogida y de ah\u00ed, el presupuesto para convertirlo en una pel\u00edcula de larga duraci\u00f3n. La \u00faltima batalla significar\u00eda un buen comienzo de la carrera cinematogr\u00e1fica del director y que le traer\u00eda un prematuro \u00e9xito, tanto en taquillas, como dentro de la cr\u00edtica, el cual le dio r\u00e9dito internacionalmente, llegando a ganar el coraz\u00f3n de los jurados de Sitges, o dentro de los Premios Cesar.  Este \u00e9xito har\u00eda que el compositor y el director fueran dos amigos inseparables dentro de las carreras profesionales de ellos. Llegando a poner el hilo musical a todos los films que Besson se postrar\u00eda detr\u00e1s de las c\u00e1maras haciendo de director. Besson, Sierra y Reno han sido un trio que siempre han sabido sacar un \u00e9xito dentro de las taquillas de cine. Con superproducciones cinematogr\u00e1ficas como \u201cNikita\u201d, \u201cLe\u00f3n el profesional\u201d o \u201cWasabi\u201d, siendo \u00e9sta, por el momento, la  \u00faltima producci\u00f3n d\u00f3nde se llega a coincidir los tres.<br \/>\nPero la carrera profesional de Serra no ha quedado \u00fanicamente en los trabajos realizados junto a Besson. En 1995 llegar\u00eda a escribir la banda sonora de la decimos\u00e9ptima pel\u00edcula de James Bond, Goldeneye, junto a John Altman y David Arch. La m\u00fasica estar\u00eda puesta con los sintetizadores de Serra, donde se atrever\u00eda a reescribir la sinton\u00eda de cabecera del personaje en el film. Dando un paso adelante dentro de sus composiciones, las cuales har\u00edan balanza entre el estilo tradicional que acoplar\u00edan sus dos compa\u00f1eros de trabajo para el film. Tambi\u00e9n har\u00eda trabajos para varios filmes de acci\u00f3n como son \u201cBulletproof Monk\u201d, estrenada en Espa\u00f1a como \u201cEl monje\u201d, pel\u00edcula del director Paul Hunter, protagonizada por Chow Yun-fat,  Jaime King y Seann William Scott. Film en el que retratan una versi\u00f3n muy libre del c\u00f3mic creado por  Michael Avon Oeming \u201cBandidas\u201d, siendo \u00e9sta una comedia de acci\u00f3n protagonizada por Salma Hayek y Pen\u00e9lope Cruz, para los directores noruegos Joachim R\u00f8nning y Espen Sandberg.<br \/>\nLucy fue su \u00faltima producci\u00f3n que ha puesto m\u00fasica, por el momento, para otra nueva pel\u00edcula de su amigo Luc Besson, estrenada en el 2014, siendo otro \u00e9xito taquillero. Llegando a ser un thriller de acci\u00f3n protagonizado por Scarlett Johansson y Morgan Freeman.  En la actualidad est\u00e1 preparando una gira en la que presentara en los escenarios su m\u00fasica, la que ha otorgado gran parte de la magia al cine durante el pr\u00f3ximo a\u00f1o 2016.<\/p>\n","protected":false},"excerpt":{"rendered":"<p>Por Pedro Losada \u00c9ric Serra tuvo un comienzo dentro de la m\u00fasica muy temprano, todo esto gracias a la vocaci\u00f3n que le dio su padre Claude, un prestigioso compositor franc\u00e9s, que ense\u00f1ar\u00eda a su hijo el mundo de la m\u00fasica desde una edad muy temprana. Su carrera musical empezar\u00eda en el 1970, pero no ser\u00eda [&#8230;]<\/p>\n","protected":false},"author":1,"featured_media":297,"comment_status":"open","ping_status":"open","sticky":false,"template":"","format":"standard","meta":{"footnotes":""},"categories":[3,1],"tags":[],"class_list":["post-296","post","type-post","status-publish","format-standard","has-post-thumbnail","hentry","category-la-semilla-musical","category-sin-categoria"],"_links":{"self":[{"href":"https:\/\/www.amalurcooperativaintegral.org\/lasemilla\/index.php?rest_route=\/wp\/v2\/posts\/296","targetHints":{"allow":["GET"]}}],"collection":[{"href":"https:\/\/www.amalurcooperativaintegral.org\/lasemilla\/index.php?rest_route=\/wp\/v2\/posts"}],"about":[{"href":"https:\/\/www.amalurcooperativaintegral.org\/lasemilla\/index.php?rest_route=\/wp\/v2\/types\/post"}],"author":[{"embeddable":true,"href":"https:\/\/www.amalurcooperativaintegral.org\/lasemilla\/index.php?rest_route=\/wp\/v2\/users\/1"}],"replies":[{"embeddable":true,"href":"https:\/\/www.amalurcooperativaintegral.org\/lasemilla\/index.php?rest_route=%2Fwp%2Fv2%2Fcomments&post=296"}],"version-history":[{"count":1,"href":"https:\/\/www.amalurcooperativaintegral.org\/lasemilla\/index.php?rest_route=\/wp\/v2\/posts\/296\/revisions"}],"predecessor-version":[{"id":298,"href":"https:\/\/www.amalurcooperativaintegral.org\/lasemilla\/index.php?rest_route=\/wp\/v2\/posts\/296\/revisions\/298"}],"wp:featuredmedia":[{"embeddable":true,"href":"https:\/\/www.amalurcooperativaintegral.org\/lasemilla\/index.php?rest_route=\/wp\/v2\/media\/297"}],"wp:attachment":[{"href":"https:\/\/www.amalurcooperativaintegral.org\/lasemilla\/index.php?rest_route=%2Fwp%2Fv2%2Fmedia&parent=296"}],"wp:term":[{"taxonomy":"category","embeddable":true,"href":"https:\/\/www.amalurcooperativaintegral.org\/lasemilla\/index.php?rest_route=%2Fwp%2Fv2%2Fcategories&post=296"},{"taxonomy":"post_tag","embeddable":true,"href":"https:\/\/www.amalurcooperativaintegral.org\/lasemilla\/index.php?rest_route=%2Fwp%2Fv2%2Ftags&post=296"}],"curies":[{"name":"wp","href":"https:\/\/api.w.org\/{rel}","templated":true}]}}