{"id":266,"date":"2015-07-15T17:48:02","date_gmt":"2015-07-15T17:48:02","guid":{"rendered":"http:\/\/www.amalurcooperativaintegral.org\/lasemilla\/?p=266"},"modified":"2015-07-15T17:48:02","modified_gmt":"2015-07-15T17:48:02","slug":"javir-krahe-el-adios-de-un-mito-de-la-cancion-protesta","status":"publish","type":"post","link":"https:\/\/www.amalurcooperativaintegral.org\/lasemilla\/?p=266","title":{"rendered":"Javir Krahe el adi\u00f3s de un mito de la canci\u00f3n protesta"},"content":{"rendered":"<p><span lang=\"es-ES\">De figura quijotesca, con semblante recio. \u00c9l siempre sali\u00f3 a los escenarios acariciando una ca\u00f1a de cerveza con una mano y en la otra empu\u00f1ando un cigarro, Javier Krahe nunca dejar\u00eda de ser mordaz contra el poder corrupto que se ha instalado en Espa\u00f1a desde los comienzos de la transici\u00f3n, hasta esa mentira llamada democracia. Con su muerte los barrios m\u00e1s humildes, han perdido la voz de uno de los poetas urbanos que supo tutear con elegancia al sistema del poder. <\/span><\/p>\n<p>\u201c<span lang=\"es-ES\">Pijo\u201d de nacimiento, pues muy pocos son y fueron los que nacieron o pudieron vivir en el barrio madrile\u00f1o de Salamanca. Su condici\u00f3n no le paro y ni se call\u00f3 ante las injusticias y por alguna sana ocasi\u00f3n le dio por la pasi\u00f3n hacia la cultura, creando en el 1980 su primer \u00e1lbum en solitario \u201cValle de l\u00e1grimas\u201d. Su primer \u00e1lbum llegar\u00eda a ser un bombazo cultural, el cual pondr\u00eda las bases para que se juntase al cantautor Alberto P\u00e9rez, y acogiendo a Joaqu\u00edn Sabina crearan \u201cLa mandr\u00e1gora\u201d. Directo grabado en los s\u00f3tanos de un local que llevaba el mismo nombre dentro del barrio de La Latina. Agudizando esa elegancia y el gusto que hab\u00eda cogido el propio Krahe por la m\u00fasica francesa y que la har\u00eda palpante a trav\u00e9s de sus versiones de la canciones del cantautor Georges Brassens, como ser\u00eda \u201cMarieta\u201d, que ser\u00eda la \u00fanica que fuera recogida en el directo de los tres cantautores sobre un mismo escenario. <\/span><\/p>\n<p><span lang=\"es-ES\">De \u00e9l nos deja un legado de 13 \u00e1lbumes en estudio, un suculento \u00e1lbum grabado en Valladolid y un 35 aniversario en Madrid. El cu\u00e1l sin querer es el disco con el que servir\u00eda para decir adi\u00f3s a un cantautor que hizo que muchos m\u00e1s venideros luchasen por tener un hueco en los escenarios. <\/span><\/p>\n<p><span lang=\"es-ES\">Que la tierra le sea leve maestro Krahe.<\/span><\/p>\n","protected":false},"excerpt":{"rendered":"<p>De figura quijotesca, con semblante recio. \u00c9l siempre sali\u00f3 a los escenarios acariciando una ca\u00f1a de cerveza con una mano y en la otra empu\u00f1ando un cigarro, Javier Krahe nunca dejar\u00eda de ser mordaz contra el poder corrupto que se ha instalado en Espa\u00f1a desde los comienzos de la transici\u00f3n, hasta esa mentira llamada democracia. [&#8230;]<\/p>\n","protected":false},"author":1,"featured_media":267,"comment_status":"open","ping_status":"open","sticky":false,"template":"","format":"standard","meta":{"footnotes":""},"categories":[3],"tags":[],"class_list":["post-266","post","type-post","status-publish","format-standard","has-post-thumbnail","hentry","category-la-semilla-musical"],"_links":{"self":[{"href":"https:\/\/www.amalurcooperativaintegral.org\/lasemilla\/index.php?rest_route=\/wp\/v2\/posts\/266","targetHints":{"allow":["GET"]}}],"collection":[{"href":"https:\/\/www.amalurcooperativaintegral.org\/lasemilla\/index.php?rest_route=\/wp\/v2\/posts"}],"about":[{"href":"https:\/\/www.amalurcooperativaintegral.org\/lasemilla\/index.php?rest_route=\/wp\/v2\/types\/post"}],"author":[{"embeddable":true,"href":"https:\/\/www.amalurcooperativaintegral.org\/lasemilla\/index.php?rest_route=\/wp\/v2\/users\/1"}],"replies":[{"embeddable":true,"href":"https:\/\/www.amalurcooperativaintegral.org\/lasemilla\/index.php?rest_route=%2Fwp%2Fv2%2Fcomments&post=266"}],"version-history":[{"count":1,"href":"https:\/\/www.amalurcooperativaintegral.org\/lasemilla\/index.php?rest_route=\/wp\/v2\/posts\/266\/revisions"}],"predecessor-version":[{"id":268,"href":"https:\/\/www.amalurcooperativaintegral.org\/lasemilla\/index.php?rest_route=\/wp\/v2\/posts\/266\/revisions\/268"}],"wp:featuredmedia":[{"embeddable":true,"href":"https:\/\/www.amalurcooperativaintegral.org\/lasemilla\/index.php?rest_route=\/wp\/v2\/media\/267"}],"wp:attachment":[{"href":"https:\/\/www.amalurcooperativaintegral.org\/lasemilla\/index.php?rest_route=%2Fwp%2Fv2%2Fmedia&parent=266"}],"wp:term":[{"taxonomy":"category","embeddable":true,"href":"https:\/\/www.amalurcooperativaintegral.org\/lasemilla\/index.php?rest_route=%2Fwp%2Fv2%2Fcategories&post=266"},{"taxonomy":"post_tag","embeddable":true,"href":"https:\/\/www.amalurcooperativaintegral.org\/lasemilla\/index.php?rest_route=%2Fwp%2Fv2%2Ftags&post=266"}],"curies":[{"name":"wp","href":"https:\/\/api.w.org\/{rel}","templated":true}]}}