{"id":220,"date":"2015-06-16T15:32:07","date_gmt":"2015-06-16T15:32:07","guid":{"rendered":"http:\/\/www.amalurcooperativaintegral.org\/lasemilla\/?p=220"},"modified":"2015-06-16T16:10:25","modified_gmt":"2015-06-16T16:10:25","slug":"viento-popular-contra-el-saqueo","status":"publish","type":"post","link":"https:\/\/www.amalurcooperativaintegral.org\/lasemilla\/?p=220","title":{"rendered":"Viento  popular contra el saqueo"},"content":{"rendered":"<div class=\"introduccion\">Por Juan Jose\u00a0Mart\u00edn Matilla<\/div>\n<div class=\"introduccion\"><\/div>\n<div class=\"introduccion\">El 24-M supuso un golpe al dominio del bipartidismo protagonizado por m\u00e1s de nueve millones de votos de rechazo a los recortes y Integrada por ciudadanos de un diverso y plural abanico de sensibilidades y opciones.\u00a0El PP va a perder buena parte de su poder territorial y ha perdido 2 millones de votos.\u00a0El PSOE ha perdido m\u00e1s de 600.000 votos, quedando relegado a una posici\u00f3n subalterna en muchas capitales.\u00a0Al nuevo golpe al bipartidismo \u00a0Esta es una situaci\u00f3n excelente para la defensa de los intereses populares.\u00a0Y lo es independientemente del resultado de los pactos postelectorales.<\/div>\n<div class=\"text\">\n<p>Lo verdaderamente importante es que sopla cada vez con m\u00e1s fuerza un viento popular que exige revertir la catarata de recortes que nos han impuesto. Patri\u00f3tico porque se enfrenta objetivamente a los mandatos del FMI o la UE.\u00a0La mejor prueba de que el 24-M ofrece un saldo muy favorable para el pueblo es la preocupaci\u00f3n de algunos de los principales centros en Washington.\u00a0La misi\u00f3n del FMI que est\u00e1 \u201cde visita\u201d en Espa\u00f1a ha manifestado que \u201cles preocupa el viraje pol\u00edtico que puede llegar a determinadas administraciones locales\u201d.\u00a0La agencia privada de inteligencia norteamericana Stratfor est\u00e1 inquieta porque tras las generales de noviembre \u00a0\u201cel nuevo Gobierno de Espa\u00f1a deber\u00e1 lidiar con las llamadas a frenar o incluso revertir algunas de las reformas econ\u00f3micas que fueron introducidas desde el inicio de la crisis europea\u201d.<\/p>\n<p>Estamos ante un nuevo escenario pol\u00edtico desde luego m\u00e1s favorable a los intereses populares y que ofrece mejores condiciones para llevar adelante la lucha contra los recortes. Pero\u00a0Lampedusa nos advirti\u00f3 en \u201cEl gatopardo\u201d que una de las m\u00e1ximas del poder es que \u201csi queremos que todo siga igual, es necesario que todo cambie\u201d.<\/p>\n<p>El derrumbe del PP\u00a0el 24-M y los pactos de partidos de izquierda dibujan un nuevo mapa de reparto del poder auton\u00f3mico y local con el PP arrinconado en cuatro comunidades aut\u00f3nomas (Madrid, Castilla y Le\u00f3n, Murcia y La Rioja) y una docena de capitales de provincia. El resto de las autonom\u00edas queda en manos de una izquierda variada (hasta con los Bildu en Navarra) y otra que se presenta especialmente ingobernable como es Arag\u00f3n. Como remate del giro al rojo est\u00e1 el dato de que cuatro de las cinco principales ciudades espa\u00f1olas est\u00e1n a punto de pasar a manos de se une la victoria en siete grandes capitales (Madrid y Barcelona, pero tambi\u00e9n \u00a0Zaragoza, Oviedo, C\u00e1diz, Santiago y A Coru\u00f1a) de candidaturas de unidad e independientes: Madrid, Barcelona y Zaragoza, y Valencia para Comprom\u00eds.<\/p>\n<p>Est\u00e1n jugando sus cartas para intentar reconducirlo minimizando el desplome del bipartidismo, a trav\u00e9s de pactos encabezados por PSOE o PP, y que integren a nuevas fuerzas como Podemos y Ciudadanos en una especie de \u201ctripartidismo\u201d o \u201ccuatripartidismo\u201d. O intentando limitar la lucha contra los recortes a medidas paliativas frente al aumento de la pobreza y la exclusi\u00f3n.<\/p>\n<p>M\u00e1s all\u00e1 de los resultados electorales o de la conquista de poder pol\u00edtico en ayuntamientos y comunidades, lo que de verdad va a decidir que el viento popular y patri\u00f3tico levantado pueda conseguir sus objetivos es la l\u00ednea que lo dirija.<\/p>\n<p>Es urgente tomar medidas de solidaridad con los sectores condenados al desahucio, la pobreza o la exclusi\u00f3n social. Pero limitarse a esto es desaprovechar la oportunidad para hacer avanzar la redistribuci\u00f3n de la riqueza que la mayor\u00eda demanda.<\/p>\n<p>Debemos\u00a0disponer de los enormes recursos de la banca rescatada con dinero p\u00fablico para acabar con el paro. Exigir \u00a0la subida de salarios y pensiones. Necesitamos revertir todos los recortes en la sanidad o la educaci\u00f3n p\u00fablicas&#8230;<\/p>\n<p>Necesitamos unidad, pero del 90% que sufrimos los recortes. No se puede reducir la \u201cunidad popular\u201d a un \u201cfrente de izquierdas\u201d.<\/p>\n<p>&nbsp;<\/p>\n<\/div>\n","protected":false},"excerpt":{"rendered":"<p>Por Juan Jose\u00a0Mart\u00edn Matilla El 24-M supuso un golpe al dominio del bipartidismo protagonizado por m\u00e1s de nueve millones de votos de rechazo a los recortes y Integrada por ciudadanos de un diverso y plural abanico de sensibilidades y opciones.\u00a0El PP va a perder buena parte de su poder territorial y ha perdido 2 millones [&#8230;]<\/p>\n","protected":false},"author":1,"featured_media":224,"comment_status":"open","ping_status":"open","sticky":false,"template":"","format":"standard","meta":{"footnotes":""},"categories":[15,1],"tags":[],"class_list":["post-220","post","type-post","status-publish","format-standard","has-post-thumbnail","hentry","category-horizonte-del-vi-sol","category-sin-categoria"],"_links":{"self":[{"href":"https:\/\/www.amalurcooperativaintegral.org\/lasemilla\/index.php?rest_route=\/wp\/v2\/posts\/220","targetHints":{"allow":["GET"]}}],"collection":[{"href":"https:\/\/www.amalurcooperativaintegral.org\/lasemilla\/index.php?rest_route=\/wp\/v2\/posts"}],"about":[{"href":"https:\/\/www.amalurcooperativaintegral.org\/lasemilla\/index.php?rest_route=\/wp\/v2\/types\/post"}],"author":[{"embeddable":true,"href":"https:\/\/www.amalurcooperativaintegral.org\/lasemilla\/index.php?rest_route=\/wp\/v2\/users\/1"}],"replies":[{"embeddable":true,"href":"https:\/\/www.amalurcooperativaintegral.org\/lasemilla\/index.php?rest_route=%2Fwp%2Fv2%2Fcomments&post=220"}],"version-history":[{"count":4,"href":"https:\/\/www.amalurcooperativaintegral.org\/lasemilla\/index.php?rest_route=\/wp\/v2\/posts\/220\/revisions"}],"predecessor-version":[{"id":227,"href":"https:\/\/www.amalurcooperativaintegral.org\/lasemilla\/index.php?rest_route=\/wp\/v2\/posts\/220\/revisions\/227"}],"wp:featuredmedia":[{"embeddable":true,"href":"https:\/\/www.amalurcooperativaintegral.org\/lasemilla\/index.php?rest_route=\/wp\/v2\/media\/224"}],"wp:attachment":[{"href":"https:\/\/www.amalurcooperativaintegral.org\/lasemilla\/index.php?rest_route=%2Fwp%2Fv2%2Fmedia&parent=220"}],"wp:term":[{"taxonomy":"category","embeddable":true,"href":"https:\/\/www.amalurcooperativaintegral.org\/lasemilla\/index.php?rest_route=%2Fwp%2Fv2%2Fcategories&post=220"},{"taxonomy":"post_tag","embeddable":true,"href":"https:\/\/www.amalurcooperativaintegral.org\/lasemilla\/index.php?rest_route=%2Fwp%2Fv2%2Ftags&post=220"}],"curies":[{"name":"wp","href":"https:\/\/api.w.org\/{rel}","templated":true}]}}