{"id":184,"date":"2015-06-09T09:32:36","date_gmt":"2015-06-09T09:32:36","guid":{"rendered":"http:\/\/www.amalurcooperativaintegral.org\/lasemilla\/?p=184"},"modified":"2015-06-09T14:57:06","modified_gmt":"2015-06-09T14:57:06","slug":"100-anos-de-billie-holiday","status":"publish","type":"post","link":"https:\/\/www.amalurcooperativaintegral.org\/lasemilla\/?p=184","title":{"rendered":"100 a\u00f1os de Billie Holiday"},"content":{"rendered":"<p>Por Pedro Losada Garcia<\/p>\n<p>Hablar de Billie Holiday es hablar de la personificaci\u00f3n de la m\u00fasica de principios del siglo XX en solo una voz, de c\u00f3mo dos estilos tan dispares como el Blues y Swing se unieron dentro de unos tiempos donde el swing dominaba todas las pistas de baile. Pero que por alguna raz\u00f3n, este estilo nada m\u00e1s nacer ya ped\u00eda un cambio. Gracias a su talento el Jazz tuvo un gran exponente que har\u00eda que la voz de muchas divas venideras tuvieran en alguien en quien apoyarse. Pero, no solo ellas, justamente fue el genuino director Count Basie el que encontrar\u00eda las mieles del triunfo a trav\u00e9s de dicha uni\u00f3n. \u00bfQui\u00e9n era Billie Holiday? Este a\u00f1o se cumple los cien a\u00f1os de su nacimiento. El nacimiento de la voz marchitada por los abusos raciales, por los abusos sexuales de varios de sus padrastros y por un enemigo que nunca supo atajar, el cual termino con su carrera y su vida, el alcohol y las drogas, las cuales la tuvieron dentro de una c\u00e1rcel media vida, la otra se pas\u00f3 so\u00f1ando huyendo de quien era, Billie Holiday.<\/p>\n<p>En la actualidad existen una pel\u00edcula y un libro del cual se llega a afirmar que nunca lo llego a escribir la cantante, aunque la autor\u00eda de este se puesto de ella legalmente. Si hay una frase que la definir\u00eda y que es la que empieza tal obra, es sin duda: \u00abCuando eres pobre, creces deprisa\u00bb.Billie Holiday naci\u00f3 en un mundo todav\u00eda prematuro para la conciencia de la gente. Con una vida llena de excesos y fugaz hasta su fallecimiento.<\/p>\n<p>Nacida el 7 de abril de 1915 en Filadelfia, era hija de unos padres muy prematuros, los cuales tuvieron que esconder el estado de su madre, cuando estaba en estado, por miedo a las habladur\u00edas de los vecinos y que esto conllevase a que les quitase al bebe una vez hubiera nacido. Su madre Sadie Fagan era una cr\u00eda que no hab\u00eda dejado las mu\u00f1ecas, la cual solo tendr\u00eda unos trece a\u00f1os cuando dio a luz a su hija, y por eso se tuvo que poner deprisa a trabajar para poder sostener una familia que le hab\u00eda venido mucho antes de lo que se le puede imaginar a cualquier persona. Su padre, un trompetista frustrado por una enfermedad en los pulmones que contrajo en su letargo dentro del servicio militar, encontr\u00f3 otra afici\u00f3n por la cual vivir\u00eda, tocar la guitarra, y la misma que le alejo totalmente de su familia. Su infancia fue un castigo, el cual empez\u00f3 cuando su madre se tuvo que ir a vivir lejos de casa para trabajar, dej\u00e1ndola a ella con su t\u00eda. La cual la atormento, castigo y humillo durante toda la estancia que estuvo dentro de su casa. Dentro de la m\u00fasica su primera aproximaci\u00f3n fue a ra\u00edz de escuchar la voz de Bessie Smith, y a Louis Armstrong. Hasta que con diez ser\u00eda enviada a una escuela cat\u00f3lica, all\u00ed pasar\u00eda dos a\u00f1os de su vida, a\u00f1os despu\u00e9s denunciar\u00eda los abusos sexuales que llegar\u00eda a recibir en aquella instituci\u00f3n. La cual logro abandonar a falta de 8 a\u00f1os de permanencia dirigi\u00e9ndose hacia New Jersey para encontrarse con su madre. Al poco tiempo se trasladar\u00edan a el barrio Neoyorquino de Brooklin, all\u00ed para poder vivir alternar\u00eda los trabajos dom\u00e9sticos con la prostituci\u00f3n en los clubs de alterne. En uno de ellos, a principios de los a\u00f1os treinta encontrar\u00eda su primera oportunidad como vocalista. Hasta que el productor John Hammond se topase con ella. Este hecho fue una clave importante para la carrera profesional de Billie Holiday, por el paso el futuro de una de las voces m\u00e1s grandiosas que ha tenido el Jaz en todos los tiempos. Su referencia hacia ella hizo que Benny Goodman la incorporase dentro de una de las actuaciones del programa que presentaba. Aqu\u00ed nacer\u00eda una relaci\u00f3n profesional entre los dos, contratando a Holiday como vocalista de un peque\u00f1o grupo que \u00e9l ten\u00eda. En 1933 grabar\u00eda su primer \u00e1lbum, Your mother Son-in-law, justamente un 27 de noviembre en New York.<\/p>\n<p>Aqu\u00ed naci\u00f3 la leyenda de una de las\u00a0 cantantes de Jazz m\u00e1s prestigiosas de todos los tiempos. Vivi\u00f3 como el ritmo de las canciones, los vicios, el odio racial y el Blues fue lo que marcar\u00edan en la historia de una mujer que falleci\u00f3 muy joven, y en la m\u00e1s absoluta soledad. Este a\u00f1o se cumpli\u00f3 100 a\u00f1os de su nacimiento. Por siempre Billie Holiday.<\/p>\n","protected":false},"excerpt":{"rendered":"<p>Por Pedro Losada Garcia Hablar de Billie Holiday es hablar de la personificaci\u00f3n de la m\u00fasica de principios del siglo XX en solo una voz, de c\u00f3mo dos estilos tan dispares como el Blues y Swing se unieron dentro de unos tiempos donde el swing dominaba todas las pistas de baile. Pero que por alguna [&#8230;]<\/p>\n","protected":false},"author":1,"featured_media":185,"comment_status":"open","ping_status":"open","sticky":false,"template":"","format":"standard","meta":{"footnotes":""},"categories":[3,1],"tags":[],"class_list":["post-184","post","type-post","status-publish","format-standard","has-post-thumbnail","hentry","category-la-semilla-musical","category-sin-categoria"],"_links":{"self":[{"href":"https:\/\/www.amalurcooperativaintegral.org\/lasemilla\/index.php?rest_route=\/wp\/v2\/posts\/184","targetHints":{"allow":["GET"]}}],"collection":[{"href":"https:\/\/www.amalurcooperativaintegral.org\/lasemilla\/index.php?rest_route=\/wp\/v2\/posts"}],"about":[{"href":"https:\/\/www.amalurcooperativaintegral.org\/lasemilla\/index.php?rest_route=\/wp\/v2\/types\/post"}],"author":[{"embeddable":true,"href":"https:\/\/www.amalurcooperativaintegral.org\/lasemilla\/index.php?rest_route=\/wp\/v2\/users\/1"}],"replies":[{"embeddable":true,"href":"https:\/\/www.amalurcooperativaintegral.org\/lasemilla\/index.php?rest_route=%2Fwp%2Fv2%2Fcomments&post=184"}],"version-history":[{"count":2,"href":"https:\/\/www.amalurcooperativaintegral.org\/lasemilla\/index.php?rest_route=\/wp\/v2\/posts\/184\/revisions"}],"predecessor-version":[{"id":195,"href":"https:\/\/www.amalurcooperativaintegral.org\/lasemilla\/index.php?rest_route=\/wp\/v2\/posts\/184\/revisions\/195"}],"wp:featuredmedia":[{"embeddable":true,"href":"https:\/\/www.amalurcooperativaintegral.org\/lasemilla\/index.php?rest_route=\/wp\/v2\/media\/185"}],"wp:attachment":[{"href":"https:\/\/www.amalurcooperativaintegral.org\/lasemilla\/index.php?rest_route=%2Fwp%2Fv2%2Fmedia&parent=184"}],"wp:term":[{"taxonomy":"category","embeddable":true,"href":"https:\/\/www.amalurcooperativaintegral.org\/lasemilla\/index.php?rest_route=%2Fwp%2Fv2%2Fcategories&post=184"},{"taxonomy":"post_tag","embeddable":true,"href":"https:\/\/www.amalurcooperativaintegral.org\/lasemilla\/index.php?rest_route=%2Fwp%2Fv2%2Ftags&post=184"}],"curies":[{"name":"wp","href":"https:\/\/api.w.org\/{rel}","templated":true}]}}