{"id":167,"date":"2015-04-24T09:20:46","date_gmt":"2015-04-24T09:20:46","guid":{"rendered":"http:\/\/www.amalurcooperativaintegral.org\/lasemilla\/?p=167"},"modified":"2015-04-24T09:20:46","modified_gmt":"2015-04-24T09:20:46","slug":"por-que-mueren-en-el-mediterraneo","status":"publish","type":"post","link":"https:\/\/www.amalurcooperativaintegral.org\/lasemilla\/?p=167","title":{"rendered":"\u00bfPOR QU\u00c9 MUEREN EN EL  MEDITERR\u00c1NEO?"},"content":{"rendered":"<p><a href=\"http:\/\/lospuebloshablan.org\/por-que-mueren-en-el-mediterraneo-o-el-cinismo-de-la-union-europea\/\" target=\"_blank\">Art\u00edcuo Original<\/a><\/p>\n<p><span style=\"color: #000000;\"><b>\u00a0Purificaci\u00f3n\u00a0Gonz\u00e1lez de la Blanca<\/b><\/span><\/p>\n<p><b>Ojos para la Paz<\/b><\/p>\n<p>23.04.2015<\/p>\n<p><span style=\"color: #000000;\"><b>Huyendo de las guerras de la UE\/EEUU y la OTAN<\/b><\/span><\/p>\n<p><span style=\"color: #000000;\">Los pa\u00edses europeos no se ponen de acuerdo en la estrategia para evitar las muertes en el\u00a0 Mediterr\u00e1neo pero\u00a0 el tema de Libia es el primero que ocupa a la cumbre de la Uni\u00f3n Europea que se celebra en estos momentos (23 de abril), que propone ni m\u00e1s ni menos que bombardear los barcos que transportan a quienes huyen desesperadamente de las guerras. Propuesta que es probable que haga suya la desprestigiada ONU.<\/span><\/p>\n<p><span style=\"color: #000000;\">Hasta marzo de 2011, fecha en que los pa\u00edses de la OTAN decidieron atacar a Libia,\u00a0 espor\u00e1dicamente se hab\u00edan venido registrando casos de africanos en pateras o barcazas, que naufragaban o llegaban a las costas europeas. Pero eran casos aislados, que no proced\u00edan de Libia, ni se contabiliz\u00f3 en ellos ning\u00fan libio.\u00a0\u00a0<\/span><\/p>\n<p><span style=\"color: #000000;\">El por qu\u00e9 no hu\u00edan los libios estaba claro. El gobierno hab\u00eda impulsado una revoluci\u00f3n que consigui\u00f3 para ellos el mayor \u00edndice de desarrollo humano de toda \u00c1frica, seg\u00fan el reconocimiento que obtuvo de la propia ONU. Los libios ten\u00edan medicina universal y gratuita; ense\u00f1anza gratuita a todos los niveles, incluidas becas \u2013de 1.600 \u20ac-\u00a0 para cursar estudios en pa\u00edses extranjeros;\u00a0 300 \u20ac\/mes por persona, en concepto de reparto de las rentas de petr\u00f3leo; luz y agua gratis; pr\u00e9stamos sin inter\u00e9s; pleno empleo + 2.5 millones de puestos de trabajo para inmigrantes, etc. La esperanza de vida de los libios era de 78 a\u00f1os, igual que la de los alemanes.\u00a0 Libia era tambi\u00e9n un muro de contenci\u00f3n contra la inmigraci\u00f3n africana, que encontraba en ese pa\u00eds puestos de trabajo para vivir dignamente. No olvidemos este aspecto.<\/span><\/p>\n<p><span style=\"color: #000000;\">Pero Libia fue atacada y arrasada por los pa\u00edses de la OTAN, con el apoyo de la Uni\u00f3n Europea, con las mismas mentiras de Iraq (en este caso unos bombardeos de poblaci\u00f3n inexistentes) y con la misma finalidad: hacerse con sus recursos (petr\u00f3leo y\u00a0 agua), y\u00a0tambi\u00e9n impedir la implantaci\u00f3n del dinar de oro en \u00c1frica y situar al AFRICOM (brazo de la OTAN) en Libia, para iniciar desde ah\u00ed la reconquista de ese continente y hacerse con sus riquezas.<\/span><\/p>\n<p><span style=\"color: #000000;\">Hoy Libia no existe como estado, ha sido invadida de bandas terroristas y\u00a0 tres millones de libios \u2013de los poco m\u00e1s de cinco millones que son- han huido del pa\u00eds. No hay seguridad, no hay orden, las torturas, las desapariciones, las muertes\u2026son una constante. Los libios huyen en barcazas y barcos de pesca escapando al terror y a la muerte.\u00a0 El enviado de la ONU para Libia, Bernardino Le\u00f3n \u2013una de las personas m\u00e1s detestadas por los libios-\u00a0 tiene como\u00a0 interlocutores las bandas armadas de Lybia Dawn y al terrorista Abdelhakim Beljadj. Es evidente que EE.UU. y la UE no desean una soluci\u00f3n para Libia que no pase por hacerse con su petr\u00f3leo.<\/span><\/p>\n<div><span style=\"color: #000000;\">Es el mismo caso de Siria. Desde\u00a0 que en 2003 una empresa noruega descubri\u00f3 en Siria importantes yacimientos de petr\u00f3leo, y mayores a\u00fan de\u00a0 gas, se convirti\u00f3 en objeto de codicia, porque el objetivo de occidente es la sustituci\u00f3n del gas ruso por el sirio. Todos los medios de propaganda al un\u00edsono comenzaron a denunciar supuestas matanzas del gobierno sirio, un gobierno independiente que hab\u00eda proporcionado a sus ciudadanos grandes logros en educaci\u00f3n y salud, no siendo el menor el de la convivencia intercultural y el respeto a las distintas religiones y creencias, que hicieron de ese pa\u00eds un crisol de culturas. Siria fue asediada por Estados Unidos, la Uni\u00f3n Europea y la OTAN,\u00a0invadida de mercenarios, bloqueada econ\u00f3micamente. Lo \u00faltimo ha sido lanzar contra ese pa\u00eds al Estado Isl\u00e1mico, ISIS o Daesh, un invento de la CIA, el Mossad y el MI6, que aglutina a miles de mercenarios y del que la propia Hillary Clinton ha reconocido que \u201cse les ha ido de las manos\u201d. Hoy tambi\u00e9n los sirios escapan en barcos huyendo del terror, del hambre y la muerte.<\/span><\/div>\n<div><\/div>\n<p><span style=\"color: #000000;\">La cosa no queda ah\u00ed. Los mismos pa\u00edses que atacaron a Libia y Siria est\u00e1n invadiendo otros lugares de \u00c1frica de bandas armadas, como Boko-Haram, Al-Qaeda o Al Shabab, como pretexto para justificar intervenciones que les permitan hacerse con sus recursos: Argelia, Mal\u00ed, Niger, Chad,\u00a0 Kenia, Somalia, Nigeria, Rep\u00fablica Centroafricana\u2026est\u00e1n siendo desestabilizados. Tambi\u00e9n huyen sus gentes.\u00a0 Qu\u00e9 decir de Yemen.\u00a0 Todas estas huidas est\u00e1n directamente relacionadas con la pol\u00edtica exterior de la Uni\u00f3n Europea y de Estados Unidos, y con sus intereses comerciales.<\/span><\/p>\n<div><\/div>\n<div><span style=\"color: #000000;\">Durante estos d\u00edas\u00a0 la Uni\u00f3n Europea se rasga las vestiduras por las miles de muertes que se vienen\u00a0 produciendo en el Mediterr\u00e1neo,\u00a0 sin que en ning\u00fan momento haga nadie un an\u00e1lisis de conciencia, ni entone un mea culpa, porque lo \u00fanico que\u00a0plantean sus mandatarios es el de la \u00abinmigraci\u00f3n ilegal\u00bb\u00a0 y las actuaciones policiales contra personas que son v\u00edctimas de los conflictos y que huyen\u00a0 buscando solo vivir. Porque no se trata de inmigrantes sino de refugiados.<\/span><\/div>\n<div><\/div>\n<div><span style=\"color: #000000;\">\u00a0La \u00faltima locura que proponen como \u201csoluci\u00f3n humanitaria\u201d (bastante parecida a la \u201cguerra humanitaria\u201d) ya la hemos comentado: bombardear\u00a0 los barcos que traen a los desesperados, e incluso van m\u00e1s all\u00e1. Tambi\u00e9n se plantean bombardear los puertos libios (si es que alguno sali\u00f3 indemne) es decir volver a bombardear Libia \u00bfTendr\u00e1n ya adjudicados los contratos de reconstrucci\u00f3n?<\/span><\/div>\n<div><\/div>\n<div><span style=\"color: #000000;\">Denunciamos la hipocres\u00eda de Espa\u00f1a y de la Uni\u00f3n Europea\/EE.UU., autores de las guerras, desestabilizaciones e introducci\u00f3n de bandas armadas en los pa\u00edses de los que huyen las personas en barcos y pateras, a las que tambi\u00e9n niegan auxilio, porque son tratadas como delincuentes.<\/span><\/div>\n<p><span style=\"color: #000000;\">La guerra es la primera causa de las muertes masivas en el Mediterr\u00e1neo, y hay unos responsables. Ahora toca auxiliar a los supervivientes. Si cometimos la infamia de atacar a sus pa\u00edses tenemos la obligaci\u00f3n moral de acogerlos como refugiados y devolver los cuerpos de los muertos\u00a0 a sus familias. Pero no vuelvan a bombardear, por favor.\u00a0 \u00bfEstamos en manos de locos?<\/span><\/p>\n<p>&nbsp;<\/p>\n<p>&nbsp;<\/p>\n<p>&nbsp;<\/p>\n<p>&nbsp;<\/p>\n","protected":false},"excerpt":{"rendered":"<p>Art\u00edcuo Original \u00a0Purificaci\u00f3n\u00a0Gonz\u00e1lez de la Blanca Ojos para la Paz 23.04.2015 Huyendo de las guerras de la UE\/EEUU y la OTAN Los pa\u00edses europeos no se ponen de acuerdo en la estrategia para evitar las muertes en el\u00a0 Mediterr\u00e1neo pero\u00a0 el tema de Libia es el primero que ocupa a la cumbre de la Uni\u00f3n [&#8230;]<\/p>\n","protected":false},"author":1,"featured_media":168,"comment_status":"open","ping_status":"open","sticky":false,"template":"","format":"standard","meta":{"footnotes":""},"categories":[15],"tags":[],"class_list":["post-167","post","type-post","status-publish","format-standard","has-post-thumbnail","hentry","category-horizonte-del-vi-sol"],"_links":{"self":[{"href":"https:\/\/www.amalurcooperativaintegral.org\/lasemilla\/index.php?rest_route=\/wp\/v2\/posts\/167","targetHints":{"allow":["GET"]}}],"collection":[{"href":"https:\/\/www.amalurcooperativaintegral.org\/lasemilla\/index.php?rest_route=\/wp\/v2\/posts"}],"about":[{"href":"https:\/\/www.amalurcooperativaintegral.org\/lasemilla\/index.php?rest_route=\/wp\/v2\/types\/post"}],"author":[{"embeddable":true,"href":"https:\/\/www.amalurcooperativaintegral.org\/lasemilla\/index.php?rest_route=\/wp\/v2\/users\/1"}],"replies":[{"embeddable":true,"href":"https:\/\/www.amalurcooperativaintegral.org\/lasemilla\/index.php?rest_route=%2Fwp%2Fv2%2Fcomments&post=167"}],"version-history":[{"count":1,"href":"https:\/\/www.amalurcooperativaintegral.org\/lasemilla\/index.php?rest_route=\/wp\/v2\/posts\/167\/revisions"}],"predecessor-version":[{"id":169,"href":"https:\/\/www.amalurcooperativaintegral.org\/lasemilla\/index.php?rest_route=\/wp\/v2\/posts\/167\/revisions\/169"}],"wp:featuredmedia":[{"embeddable":true,"href":"https:\/\/www.amalurcooperativaintegral.org\/lasemilla\/index.php?rest_route=\/wp\/v2\/media\/168"}],"wp:attachment":[{"href":"https:\/\/www.amalurcooperativaintegral.org\/lasemilla\/index.php?rest_route=%2Fwp%2Fv2%2Fmedia&parent=167"}],"wp:term":[{"taxonomy":"category","embeddable":true,"href":"https:\/\/www.amalurcooperativaintegral.org\/lasemilla\/index.php?rest_route=%2Fwp%2Fv2%2Fcategories&post=167"},{"taxonomy":"post_tag","embeddable":true,"href":"https:\/\/www.amalurcooperativaintegral.org\/lasemilla\/index.php?rest_route=%2Fwp%2Fv2%2Ftags&post=167"}],"curies":[{"name":"wp","href":"https:\/\/api.w.org\/{rel}","templated":true}]}}