{"id":163,"date":"2015-04-24T09:14:58","date_gmt":"2015-04-24T09:14:58","guid":{"rendered":"http:\/\/www.amalurcooperativaintegral.org\/lasemilla\/?p=163"},"modified":"2015-04-24T09:14:58","modified_gmt":"2015-04-24T09:14:58","slug":"homenaje-a-eduardo-galeano","status":"publish","type":"post","link":"https:\/\/www.amalurcooperativaintegral.org\/lasemilla\/?p=163","title":{"rendered":"Homenaje a Eduardo Galeano"},"content":{"rendered":"<p>Aunque no es la pol\u00edtica de La Semilla compartir la \u00faltima entrevista a Eduardo Galeano, uno de los grandes del periodismo, la literatura y un gran activista social.<\/p>\n<p>Aqu\u00ed\u00a0pod\u00e9is\u00a0acceder a la <a href=\"http:\/\/www.elmundo.es\/el-mundo-tv\/2015\/04\/14\/552d029422601dd1608b456c.html\" target=\"_blank\">entrevista<\/a><\/p>\n<p>Y <a href=\"https:\/\/www.youtube.com\/watch?v=TArwBnDguSY&amp;feature=youtu.be\" target=\"_blank\">aqu\u00ed<\/a>\u00a0a una entrevista en plena calle en una movilizaci\u00f3n del 15 M en\u00a0Sol<\/p>\n<p>Un brindis por el\u00a1\u00a1\u00a1<\/p>\n<p>&nbsp;<\/p>\n","protected":false},"excerpt":{"rendered":"<p>Aunque no es la pol\u00edtica de La Semilla compartir la \u00faltima entrevista a Eduardo Galeano, uno de los grandes del periodismo, la literatura y un gran activista social. Aqu\u00ed\u00a0pod\u00e9is\u00a0acceder a la entrevista Y aqu\u00ed\u00a0a una entrevista en plena calle en una movilizaci\u00f3n del 15 M en\u00a0Sol Un brindis por el\u00a1\u00a1\u00a1 &nbsp;<\/p>\n","protected":false},"author":1,"featured_media":164,"comment_status":"open","ping_status":"open","sticky":false,"template":"","format":"standard","meta":{"footnotes":""},"categories":[14],"tags":[],"class_list":["post-163","post","type-post","status-publish","format-standard","has-post-thumbnail","hentry","category-de-tinta-papel-y-corazon"],"_links":{"self":[{"href":"https:\/\/www.amalurcooperativaintegral.org\/lasemilla\/index.php?rest_route=\/wp\/v2\/posts\/163","targetHints":{"allow":["GET"]}}],"collection":[{"href":"https:\/\/www.amalurcooperativaintegral.org\/lasemilla\/index.php?rest_route=\/wp\/v2\/posts"}],"about":[{"href":"https:\/\/www.amalurcooperativaintegral.org\/lasemilla\/index.php?rest_route=\/wp\/v2\/types\/post"}],"author":[{"embeddable":true,"href":"https:\/\/www.amalurcooperativaintegral.org\/lasemilla\/index.php?rest_route=\/wp\/v2\/users\/1"}],"replies":[{"embeddable":true,"href":"https:\/\/www.amalurcooperativaintegral.org\/lasemilla\/index.php?rest_route=%2Fwp%2Fv2%2Fcomments&post=163"}],"version-history":[{"count":1,"href":"https:\/\/www.amalurcooperativaintegral.org\/lasemilla\/index.php?rest_route=\/wp\/v2\/posts\/163\/revisions"}],"predecessor-version":[{"id":165,"href":"https:\/\/www.amalurcooperativaintegral.org\/lasemilla\/index.php?rest_route=\/wp\/v2\/posts\/163\/revisions\/165"}],"wp:featuredmedia":[{"embeddable":true,"href":"https:\/\/www.amalurcooperativaintegral.org\/lasemilla\/index.php?rest_route=\/wp\/v2\/media\/164"}],"wp:attachment":[{"href":"https:\/\/www.amalurcooperativaintegral.org\/lasemilla\/index.php?rest_route=%2Fwp%2Fv2%2Fmedia&parent=163"}],"wp:term":[{"taxonomy":"category","embeddable":true,"href":"https:\/\/www.amalurcooperativaintegral.org\/lasemilla\/index.php?rest_route=%2Fwp%2Fv2%2Fcategories&post=163"},{"taxonomy":"post_tag","embeddable":true,"href":"https:\/\/www.amalurcooperativaintegral.org\/lasemilla\/index.php?rest_route=%2Fwp%2Fv2%2Ftags&post=163"}],"curies":[{"name":"wp","href":"https:\/\/api.w.org\/{rel}","templated":true}]}}