{"id":144,"date":"2015-04-03T16:52:49","date_gmt":"2015-04-03T16:52:49","guid":{"rendered":"http:\/\/www.amalurcooperativaintegral.org\/lasemilla\/?p=144"},"modified":"2015-06-09T15:17:19","modified_gmt":"2015-06-09T15:17:19","slug":"los-limites-indefinidos-de-cagliostro","status":"publish","type":"post","link":"https:\/\/www.amalurcooperativaintegral.org\/lasemilla\/?p=144","title":{"rendered":"Los limites indefinidos de Cagliostro"},"content":{"rendered":"<p><em>Por Chiara San Inn<\/em><\/p>\n<p>Alessandro conde de Cagliostro, ha sido una de esas figuras cuyos limites resultan borrosos, pues no se ha querido que llegara la\u00a0grandeza de su\u00a0labor de Iniciado y de Gran Maestro\u00a0de misterios esot\u00e9ricos. La santa (?) inquisici\u00f3n,\u00a0como brazo\u00a0ejecutor de la Iglesia romana,\u00a0se oper\u00f3 para que no ocurriera, para que se le considerara un astuto ladr\u00f3n.\u00a0 Su figura resulta por ello vituperada por mentes intolerantes que supuestamente se ocupaban de asuntos espirituales.\u00a0 As\u00ed que actualmente\u00a0se le considera\u00a0a veces el arquetipo del Iniciado, y otras\u00a0se le asocia a la figura\u00a0del fanfarr\u00f3n que se ha buscado la vida, enga\u00f1ando a los dem\u00e1s gracias a retorcidos expedientes.<\/p>\n<p>Cagliostro\u00a0iba a\u00a0cumplir una labor esot\u00e9rica de transformaci\u00f3n en la sociedad de su \u00e9poca (siglo XVIII). \u00c9l fue qui\u00e9n movi\u00f3 los hilos para acelerar el cambio que finalmente tuvo lugar con la revoluci\u00f3n francesa.<\/p>\n<p>La fuerza de su mensaje, que lanz\u00f3 como pionero y a la vez como guardi\u00e1n de los antiguos secretos&#8230; libertad, igualdad, fraternidad&#8230; sigue siendo nuestro anhelo m\u00e1s profundo.<\/p>\n<p>De todas formas hay interesantes biograf\u00edas en la red, en la Wikipedia por ejemplo se le asocia al\u00a0estafador que nunca ha sido, tal Giuseppe Balsamo&#8230; otro medio oficial que lo ha discriminado&#8230; para pensar, eh.<\/p>\n<p>Todo esto nos lleva a reconocer la inevitabilidad del querer juzgar, de la subjetividad detr\u00e1s de cada palabra\u00a0y por lo tanto de sentirnos portadores m\u00e1s o menos inocentes de la verdad, de nuestra verdad. Si nos mir\u00e1ramos dentro, sabr\u00edamos\u00a0en que confiar.<\/p>\n<p>No quiero aqu\u00ed escribir una defensa en favor de Cagliostro, no la necesita, pero quiero hacer hincapi\u00e9 en el hecho de creernos todo sin poner filtros. Cualquier\u00a0frase que aparece en\u00a0cualquier medio de comunicaci\u00f3n la asumimos como verdad absoluta.<\/p>\n<p>Nos lo tragamos todo, b\u00e1sicamente.<\/p>\n<p>El director y escritor italiano Pier Paolo Pasolini aborrec\u00eda la televisi\u00f3n, pues ya nos dec\u00eda durante una entrevista televisada en la d\u00e9cada de los setenta del siglo pasado:<\/p>\n<p><em>\u00abLa televisi\u00f3n es un medio de masa que enajena. No puedo decir todo lo que quiero aqu\u00ed porque\u00a0vendr\u00eda acusado de vilipendio por el c\u00f3digo fascista italiano. Ante la ingenuidad y la inexperiencia de\u00a0ciertos espectadores prefiero autocensurarme (&#8230;). En el momento en el que alguien\u00a0nos escucha en un video tiene hacia nosotros una relaci\u00f3n de inferior a superior, que es una relaci\u00f3n terriblemente antidemocr\u00e1tica (&#8230;). Por lo general las\u00a0palabras que \u00abcaen\u00bb de un video, caen siempre desde lo alto, incluso las m\u00e1s verdaderas y sinceras (&#8230;)\u00bb<\/em><\/p>\n<p>Pasolini ya sab\u00eda que qui\u00e9n pod\u00eda comunicarse a trav\u00e9s de la televisi\u00f3n\u00a0ven\u00eda considerado como portador de la verdad absoluta. Ante la pantalla nuestra voluntad y nuestro juicio vienen anulados.<\/p>\n<p>Anuncios, reportajes de guerra de lugares desconocidos con nombres impronunciables, noticias aproximadas, nombres inventados, fechas, temperaturas y lugares equivocados\u00a0todo se\u00a0contradice\u00a0y a la vez se reafirma en el gran mercado de la palabra. Todo, lejos de nuestras vivencias personales y por ello filtrado por los juicios m\u00e1s o menos inocentes de qui\u00e9n nos transmite una noticia, es absolutamente aproximativo.<\/p>\n<p>Ante nuestra pereza vital, quiz\u00e1s nos quede salir fuera a la calle y descubrir que es el mundo.<\/p>\n<p>&nbsp;<\/p>\n<p>&nbsp;<\/p>\n<p>&nbsp;<\/p>\n","protected":false},"excerpt":{"rendered":"<p>Por Chiara San Inn Alessandro conde de Cagliostro, ha sido una de esas figuras cuyos limites resultan borrosos, pues no se ha querido que llegara la\u00a0grandeza de su\u00a0labor de Iniciado y de Gran Maestro\u00a0de misterios esot\u00e9ricos. La santa (?) inquisici\u00f3n,\u00a0como brazo\u00a0ejecutor de la Iglesia romana,\u00a0se oper\u00f3 para que no ocurriera, para que se le considerara [&#8230;]<\/p>\n","protected":false},"author":1,"featured_media":203,"comment_status":"open","ping_status":"open","sticky":false,"template":"","format":"standard","meta":{"footnotes":""},"categories":[14,1],"tags":[],"class_list":["post-144","post","type-post","status-publish","format-standard","has-post-thumbnail","hentry","category-de-tinta-papel-y-corazon","category-sin-categoria"],"_links":{"self":[{"href":"https:\/\/www.amalurcooperativaintegral.org\/lasemilla\/index.php?rest_route=\/wp\/v2\/posts\/144","targetHints":{"allow":["GET"]}}],"collection":[{"href":"https:\/\/www.amalurcooperativaintegral.org\/lasemilla\/index.php?rest_route=\/wp\/v2\/posts"}],"about":[{"href":"https:\/\/www.amalurcooperativaintegral.org\/lasemilla\/index.php?rest_route=\/wp\/v2\/types\/post"}],"author":[{"embeddable":true,"href":"https:\/\/www.amalurcooperativaintegral.org\/lasemilla\/index.php?rest_route=\/wp\/v2\/users\/1"}],"replies":[{"embeddable":true,"href":"https:\/\/www.amalurcooperativaintegral.org\/lasemilla\/index.php?rest_route=%2Fwp%2Fv2%2Fcomments&post=144"}],"version-history":[{"count":4,"href":"https:\/\/www.amalurcooperativaintegral.org\/lasemilla\/index.php?rest_route=\/wp\/v2\/posts\/144\/revisions"}],"predecessor-version":[{"id":204,"href":"https:\/\/www.amalurcooperativaintegral.org\/lasemilla\/index.php?rest_route=\/wp\/v2\/posts\/144\/revisions\/204"}],"wp:featuredmedia":[{"embeddable":true,"href":"https:\/\/www.amalurcooperativaintegral.org\/lasemilla\/index.php?rest_route=\/wp\/v2\/media\/203"}],"wp:attachment":[{"href":"https:\/\/www.amalurcooperativaintegral.org\/lasemilla\/index.php?rest_route=%2Fwp%2Fv2%2Fmedia&parent=144"}],"wp:term":[{"taxonomy":"category","embeddable":true,"href":"https:\/\/www.amalurcooperativaintegral.org\/lasemilla\/index.php?rest_route=%2Fwp%2Fv2%2Fcategories&post=144"},{"taxonomy":"post_tag","embeddable":true,"href":"https:\/\/www.amalurcooperativaintegral.org\/lasemilla\/index.php?rest_route=%2Fwp%2Fv2%2Ftags&post=144"}],"curies":[{"name":"wp","href":"https:\/\/api.w.org\/{rel}","templated":true}]}}