{"id":132,"date":"2015-03-02T18:11:38","date_gmt":"2015-03-02T18:11:38","guid":{"rendered":"http:\/\/www.amalurcooperativaintegral.org\/lasemilla\/?p=132"},"modified":"2015-03-02T18:11:38","modified_gmt":"2015-03-02T18:11:38","slug":"conferencia-debate-en-el-patio-de-ruzafa-juan-torres","status":"publish","type":"post","link":"https:\/\/www.amalurcooperativaintegral.org\/lasemilla\/?p=132","title":{"rendered":"Conferencia Debate en el Patio de RuZafa. Juan Torres"},"content":{"rendered":"<p>Juan Torres.Conferencia Debate en el Patio de RuZafa<br \/>\n\u00ab&#8230;el s\u00e1bado 26 de febrero, a las 18,30, en el Ateneo Cultural Valencia XXI Calle Literato Azor\u00edn 13-b de Valencia en una conferencia-debate sobre \u201cC\u00f3mo distribuir la riqueza para salir de la crisis\u201d.Redacci\u00f3n<br \/>\nDe Verdad Digital: Diario independiente<br \/>\nPublicado el 22-02-2015 por <a href=\"http:\/\/deverdaddigital.com\/\" target=\"_blank\" rel=\"nofollow\">deverdaddigital.com<\/a><br \/>\nAutor de m\u00e1s de una treintena de libros, Juan Torres es conocido por sus rigurosos an\u00e1lisis econ\u00f3micos en los que denuncia y <span class=\"text_exposed_show\">desmonta las ideas dominantes acerca de la crisis y la l\u00f3gica del capitalismo.<br \/>\nPero sus ideas no se quedan en el mundo de la teor\u00eda econ\u00f3mica. Activo participante en la pol\u00edtica de nuestro pa\u00eds desde una posici\u00f3n independiente, ha apoyado incondicionalmente todos los movimientos sociales y las plataformas de lucha surgidas en los \u00faltimos a\u00f1os para hacer frente al saqueo que las clases populares estamos sufriendo. Llamando insistentemente a articular todo ese movimiento de lucha en una alternativa pol\u00edtica capaz de unir al 90% de la poblaci\u00f3n afectada por los ataques del gran capital financiero nacional e internacional&#8230;\u00bb<\/span><\/p>\n<p><a title=\"Juan Torres.Conferencia Debate \" href=\"http:\/\/youtu.be\/NYvTDIjXhBY\" target=\"_blank\">Video proyecci\u00f3n Conferencia Debate Juan Torres<\/a><\/p>\n","protected":false},"excerpt":{"rendered":"<p>Juan Torres.Conferencia Debate en el Patio de RuZafa \u00ab&#8230;el s\u00e1bado 26 de febrero, a las 18,30, en el Ateneo Cultural Valencia XXI Calle Literato Azor\u00edn 13-b de Valencia en una conferencia-debate sobre \u201cC\u00f3mo distribuir la riqueza para salir de la crisis\u201d.Redacci\u00f3n De Verdad Digital: Diario independiente Publicado el 22-02-2015 por deverdaddigital.com Autor de m\u00e1s de [&#8230;]<\/p>\n","protected":false},"author":1,"featured_media":133,"comment_status":"open","ping_status":"open","sticky":false,"template":"","format":"standard","meta":{"footnotes":""},"categories":[6],"tags":[],"class_list":["post-132","post","type-post","status-publish","format-standard","has-post-thumbnail","hentry","category-la-voz-de-los-sin-voz"],"_links":{"self":[{"href":"https:\/\/www.amalurcooperativaintegral.org\/lasemilla\/index.php?rest_route=\/wp\/v2\/posts\/132","targetHints":{"allow":["GET"]}}],"collection":[{"href":"https:\/\/www.amalurcooperativaintegral.org\/lasemilla\/index.php?rest_route=\/wp\/v2\/posts"}],"about":[{"href":"https:\/\/www.amalurcooperativaintegral.org\/lasemilla\/index.php?rest_route=\/wp\/v2\/types\/post"}],"author":[{"embeddable":true,"href":"https:\/\/www.amalurcooperativaintegral.org\/lasemilla\/index.php?rest_route=\/wp\/v2\/users\/1"}],"replies":[{"embeddable":true,"href":"https:\/\/www.amalurcooperativaintegral.org\/lasemilla\/index.php?rest_route=%2Fwp%2Fv2%2Fcomments&post=132"}],"version-history":[{"count":1,"href":"https:\/\/www.amalurcooperativaintegral.org\/lasemilla\/index.php?rest_route=\/wp\/v2\/posts\/132\/revisions"}],"predecessor-version":[{"id":134,"href":"https:\/\/www.amalurcooperativaintegral.org\/lasemilla\/index.php?rest_route=\/wp\/v2\/posts\/132\/revisions\/134"}],"wp:featuredmedia":[{"embeddable":true,"href":"https:\/\/www.amalurcooperativaintegral.org\/lasemilla\/index.php?rest_route=\/wp\/v2\/media\/133"}],"wp:attachment":[{"href":"https:\/\/www.amalurcooperativaintegral.org\/lasemilla\/index.php?rest_route=%2Fwp%2Fv2%2Fmedia&parent=132"}],"wp:term":[{"taxonomy":"category","embeddable":true,"href":"https:\/\/www.amalurcooperativaintegral.org\/lasemilla\/index.php?rest_route=%2Fwp%2Fv2%2Fcategories&post=132"},{"taxonomy":"post_tag","embeddable":true,"href":"https:\/\/www.amalurcooperativaintegral.org\/lasemilla\/index.php?rest_route=%2Fwp%2Fv2%2Ftags&post=132"}],"curies":[{"name":"wp","href":"https:\/\/api.w.org\/{rel}","templated":true}]}}